{"id":5571,"date":"2019-04-24T03:00:00","date_gmt":"2019-04-24T06:00:00","guid":{"rendered":"http:\/\/vocesdebaires.com.ar\/wordpress\/index.php\/2019\/04\/24\/ciudades-inteligentes-experta-de-espana\/"},"modified":"2019-04-24T03:00:00","modified_gmt":"2019-04-24T06:00:00","slug":"ciudades-inteligentes-experta-de-espana","status":"publish","type":"post","link":"https:\/\/vocesdebaires.com.ar\/index.php\/2019\/04\/24\/ciudades-inteligentes-experta-de-espana\/","title":{"rendered":"Ciudades Inteligentes \u2013 Experta de Espa\u00f1a"},"content":{"rendered":"<p>Alicia As\u00edn, ingeniera inform\u00e1tica espa\u00f1ola, fue declarada Hu\u00e9sped de Honor en el sal\u00f3n San Mart\u00edn. La experta en Inteligencia Artificial, Internet de las Cosas y Big Data, se encuentra en la ciudad para participar del Smart City Expo, que se desarrolla entre el 23 y 26 de abril. Natalia Fidel (VJ), autora del reconocimiento, le dese\u00f3 \u201cuna feliz y muy productiva estad\u00eda\u201d. Afirm\u00f3 que As\u00edn \u201cencarna dos tipos de transformaciones, una la innovaci\u00f3n en la gesti\u00f3n p\u00fablica y el \u00e1mbito privado\u201d y la otra \u201cel rol de la mujer en la ciencia y tecnolog\u00eda\u201d, donde el g\u00e9nero femenino se va abriendo paso.<\/p>\n<p>As\u00edn expres\u00f3 que ejercer la potestad, como lo hace en su empresa Libelium, trae responsabilidades, ya que estim\u00f3 necesario impulsar a las mujeres para que sean las que tomen decisiones, brindarles \u201cla posibilidad que lideren, es una obligaci\u00f3n y responsabilidad\u201d y que \u201csean referentes\u201d. Durante la tarde As\u00edn tambi\u00e9n participar\u00e1 del panel \u201cMujeres l\u00edderes\u201d, organizado por la Secretar\u00eda de Cultura y Funci\u00f3n P\u00fablica del Gobierno de la Ciudad.<\/p>\n<p>La ingeniera nacida en 1982 cuenta con los siguientes reconocimientos: el premio IDEA dado por la Fundaci\u00f3n Emprender en Arag\u00f3n; el premio al Mejor Desarrollo de Investigaci\u00f3n dado por el Consejo Econ\u00f3mico y Social de Arag\u00f3n; el premio Generaci\u00f3n XXI dado por LUA multimedia y Fundaci\u00f3n\u00a0 Emprender en Arag\u00f3n; premio al Mejor Papel dado por el Taller sobre Educaci\u00f3n en arquitectura de computadoras; el Premio Arag\u00f3n de la Sociedad de la Informaci\u00f3n dado por la Asociaci\u00f3n de Telecomunicaciones de Arag\u00f3n; el premio Emprendedor del Siglo XXI dado por La Caixa; el premio J\u00f3venes Emprendedores Inspiradores dado por ESADE; el premio a la Excelencia Empresarial dado por ARAMA; el Premio Nacional de J\u00f3venes Emprendedores dado por la Confederaci\u00f3n Espa\u00f1ola de J\u00f3venes Empresarios\u00a0 (siendo la primera mujer en recibirlo); el premio Rey Jaime I dado por la Fundaci\u00f3n de Premios Jaime I; entre otros.<\/p>\n","protected":false},"excerpt":{"rendered":"<p>Alicia As\u00edn, ingeniera inform\u00e1tica espa\u00f1ola, fue declarada Hu\u00e9sped de Honor en el sal\u00f3n San Mart\u00edn. La experta en Inteligencia Artificial, Internet de las Cosas y Big Data, se encuentra en la ciudad para participar del Smart City Expo, que se desarrolla entre el 23 y 26 de abril. Natalia Fidel (VJ), autora del reconocimiento, le [&hellip;]<\/p>\n","protected":false},"author":1,"featured_media":5572,"comment_status":"open","ping_status":"open","sticky":false,"template":"","format":"standard","meta":{"_et_pb_use_builder":"","_et_pb_old_content":"","_et_gb_content_width":"","footnotes":""},"categories":[11,33],"tags":[],"class_list":["post-5571","post","type-post","status-publish","format-standard","has-post-thumbnail","hentry","category-ciudad","category-sociedad-y-cultura-2"],"_links":{"self":[{"href":"https:\/\/vocesdebaires.com.ar\/index.php\/wp-json\/wp\/v2\/posts\/5571"}],"collection":[{"href":"https:\/\/vocesdebaires.com.ar\/index.php\/wp-json\/wp\/v2\/posts"}],"about":[{"href":"https:\/\/vocesdebaires.com.ar\/index.php\/wp-json\/wp\/v2\/types\/post"}],"author":[{"embeddable":true,"href":"https:\/\/vocesdebaires.com.ar\/index.php\/wp-json\/wp\/v2\/users\/1"}],"replies":[{"embeddable":true,"href":"https:\/\/vocesdebaires.com.ar\/index.php\/wp-json\/wp\/v2\/comments?post=5571"}],"version-history":[{"count":0,"href":"https:\/\/vocesdebaires.com.ar\/index.php\/wp-json\/wp\/v2\/posts\/5571\/revisions"}],"wp:featuredmedia":[{"embeddable":true,"href":"https:\/\/vocesdebaires.com.ar\/index.php\/wp-json\/wp\/v2\/media\/5572"}],"wp:attachment":[{"href":"https:\/\/vocesdebaires.com.ar\/index.php\/wp-json\/wp\/v2\/media?parent=5571"}],"wp:term":[{"taxonomy":"category","embeddable":true,"href":"https:\/\/vocesdebaires.com.ar\/index.php\/wp-json\/wp\/v2\/categories?post=5571"},{"taxonomy":"post_tag","embeddable":true,"href":"https:\/\/vocesdebaires.com.ar\/index.php\/wp-json\/wp\/v2\/tags?post=5571"}],"curies":[{"name":"wp","href":"https:\/\/api.w.org\/{rel}","templated":true}]}}