{"id":5575,"date":"2019-04-24T03:00:00","date_gmt":"2019-04-24T06:00:00","guid":{"rendered":"http:\/\/vocesdebaires.com.ar\/wordpress\/index.php\/2019\/04\/24\/recalde-presento-proyecto-clubes-tarifa-social\/"},"modified":"2019-04-24T03:00:00","modified_gmt":"2019-04-24T06:00:00","slug":"recalde-presento-proyecto-clubes-tarifa-social","status":"publish","type":"post","link":"https:\/\/vocesdebaires.com.ar\/index.php\/2019\/04\/24\/recalde-presento-proyecto-clubes-tarifa-social\/","title":{"rendered":"Recalde present\u00f3 proyecto, &quot;clubes tarifa social&quot;"},"content":{"rendered":"<p>La iniciativa propone el establecimiento de una tarifa social para los clubes de barrio, que ser\u00e1 del 50% de descuento sobre el monto total a pagar y deber\u00e1 estar incluida en la factura emitida por la entidad distribuidora. En ese marco, el Gobierno de la Ciudad ser\u00e1 el responsable de firmar los acuerdos pertinentes con las empresas el\u00e9ctricas.Mariano Recalde, uno de los autores, explic\u00f3: \u201cLas instituciones deportivas de la Ciudad est\u00e1n recibiendo facturas de luz desorbitantes que claramente no pueden afrontar. Esto hace que tengan que reducir sus actividades o directamente cerrar sus puertas\u201d.<\/p>\n<p>En ese sentido, el presidente del bloque de Unidad Ciudadana sostuvo que el proyecto busca \u201cponerle un freno a los brutales aumentos y acompa\u00f1ar a nuestros clubes, que tienen un rol muy importante en los barrios; son un lugar de encuentro y contenci\u00f3n fundamental, sobre todo para los ni\u00f1os y j\u00f3venes\u201d\u201cEsperamos que los legisladores de todos los espacios escuchen el reclamo de los clubes y apoyen esta ley para cuidar y acompa\u00f1ar a las entidades deportivas de nuestra Ciudad. Tenemos que ponerle un l\u00edmite a los tarifazos\u201d, concluy\u00f3.<\/p>\n","protected":false},"excerpt":{"rendered":"<p>La iniciativa propone el establecimiento de una tarifa social para los clubes de barrio, que ser\u00e1 del 50% de descuento sobre el monto total a pagar y deber\u00e1 estar incluida en la factura emitida por la entidad distribuidora. En ese marco, el Gobierno de la Ciudad ser\u00e1 el responsable de firmar los acuerdos pertinentes con [&hellip;]<\/p>\n","protected":false},"author":1,"featured_media":5576,"comment_status":"open","ping_status":"open","sticky":false,"template":"","format":"standard","meta":{"_et_pb_use_builder":"","_et_pb_old_content":"","_et_gb_content_width":"","footnotes":""},"categories":[11,33],"tags":[],"class_list":["post-5575","post","type-post","status-publish","format-standard","has-post-thumbnail","hentry","category-ciudad","category-sociedad-y-cultura-2"],"_links":{"self":[{"href":"https:\/\/vocesdebaires.com.ar\/index.php\/wp-json\/wp\/v2\/posts\/5575"}],"collection":[{"href":"https:\/\/vocesdebaires.com.ar\/index.php\/wp-json\/wp\/v2\/posts"}],"about":[{"href":"https:\/\/vocesdebaires.com.ar\/index.php\/wp-json\/wp\/v2\/types\/post"}],"author":[{"embeddable":true,"href":"https:\/\/vocesdebaires.com.ar\/index.php\/wp-json\/wp\/v2\/users\/1"}],"replies":[{"embeddable":true,"href":"https:\/\/vocesdebaires.com.ar\/index.php\/wp-json\/wp\/v2\/comments?post=5575"}],"version-history":[{"count":0,"href":"https:\/\/vocesdebaires.com.ar\/index.php\/wp-json\/wp\/v2\/posts\/5575\/revisions"}],"wp:featuredmedia":[{"embeddable":true,"href":"https:\/\/vocesdebaires.com.ar\/index.php\/wp-json\/wp\/v2\/media\/5576"}],"wp:attachment":[{"href":"https:\/\/vocesdebaires.com.ar\/index.php\/wp-json\/wp\/v2\/media?parent=5575"}],"wp:term":[{"taxonomy":"category","embeddable":true,"href":"https:\/\/vocesdebaires.com.ar\/index.php\/wp-json\/wp\/v2\/categories?post=5575"},{"taxonomy":"post_tag","embeddable":true,"href":"https:\/\/vocesdebaires.com.ar\/index.php\/wp-json\/wp\/v2\/tags?post=5575"}],"curies":[{"name":"wp","href":"https:\/\/api.w.org\/{rel}","templated":true}]}}