{"id":55872,"date":"2026-04-27T00:00:30","date_gmt":"2026-04-27T03:00:30","guid":{"rendered":"https:\/\/vocesdebaires.com.ar\/?p=55872"},"modified":"2026-04-26T13:21:59","modified_gmt":"2026-04-26T16:21:59","slug":"villa-crespodetuvieron-a-un-narco-trapito-peruano","status":"publish","type":"post","link":"https:\/\/vocesdebaires.com.ar\/index.php\/2026\/04\/27\/villa-crespodetuvieron-a-un-narco-trapito-peruano\/","title":{"rendered":"Villa Crespo:Detuvieron a un \u201cNarco-trapito\u201d peruano"},"content":{"rendered":"<p>Efectivos de la Divisi\u00f3n Investigaciones Comunales (DIC) 15 de la Polic\u00eda de la Ciudad, que se encontraban realizando tareas de prevenci\u00f3n en Villa Crespo, observaron en Thames al 800 a un hombre que se ofrec\u00eda para facilitar el estacionamiento en la calle. De inmediato se aproximaron al sujeto y notaron que en una mano sujetaba una media con una imagen del Hombre Ara\u00f1a, prenda que trataba de ocultar de la vista de los oficiales.<\/p>\n<p>Esta actitud llam\u00f3 la atenci\u00f3n de las autoridades, quienes le pidieron que exhibiera el objeto.Fue entonces que descubrieron en su interior 11 envoltorios de coca\u00edna, por un peso total de 52,6 gramos. Tras identificar al hombre, corroboraron que se trata de un peruano de 25 a\u00f1os. Luego de dar aviso a la Unidad de Flagrancia Norte a cargo de \u00c1ngel Palopoli, se dispuso el secuestro de la droga y del resto de las pertenencias del implicado, entre ellas un t\u00e9lefono celular. Asimismo, orden\u00f3 la detenci\u00f3n del trapito quien fue imputado por \u201cinfracci\u00f3n a la Ley 23.737 (Ley de Drogas)\u201d.<\/p>\n","protected":false},"excerpt":{"rendered":"<p>Efectivos de la Divisi\u00f3n Investigaciones Comunales (DIC) 15 de la Polic\u00eda de la Ciudad, que se encontraban realizando tareas de prevenci\u00f3n en Villa Crespo, observaron en Thames al 800 a un hombre que se ofrec\u00eda para facilitar el estacionamiento en la calle. De inmediato se aproximaron al sujeto y notaron que en una mano sujetaba [&hellip;]<\/p>\n","protected":false},"author":3,"featured_media":55873,"comment_status":"open","ping_status":"open","sticky":false,"template":"","format":"standard","meta":{"_et_pb_use_builder":"","_et_pb_old_content":"","_et_gb_content_width":"","footnotes":""},"categories":[11,32],"tags":[],"class_list":["post-55872","post","type-post","status-publish","format-standard","has-post-thumbnail","hentry","category-ciudad","category-comunas"],"_links":{"self":[{"href":"https:\/\/vocesdebaires.com.ar\/index.php\/wp-json\/wp\/v2\/posts\/55872"}],"collection":[{"href":"https:\/\/vocesdebaires.com.ar\/index.php\/wp-json\/wp\/v2\/posts"}],"about":[{"href":"https:\/\/vocesdebaires.com.ar\/index.php\/wp-json\/wp\/v2\/types\/post"}],"author":[{"embeddable":true,"href":"https:\/\/vocesdebaires.com.ar\/index.php\/wp-json\/wp\/v2\/users\/3"}],"replies":[{"embeddable":true,"href":"https:\/\/vocesdebaires.com.ar\/index.php\/wp-json\/wp\/v2\/comments?post=55872"}],"version-history":[{"count":1,"href":"https:\/\/vocesdebaires.com.ar\/index.php\/wp-json\/wp\/v2\/posts\/55872\/revisions"}],"predecessor-version":[{"id":55874,"href":"https:\/\/vocesdebaires.com.ar\/index.php\/wp-json\/wp\/v2\/posts\/55872\/revisions\/55874"}],"wp:featuredmedia":[{"embeddable":true,"href":"https:\/\/vocesdebaires.com.ar\/index.php\/wp-json\/wp\/v2\/media\/55873"}],"wp:attachment":[{"href":"https:\/\/vocesdebaires.com.ar\/index.php\/wp-json\/wp\/v2\/media?parent=55872"}],"wp:term":[{"taxonomy":"category","embeddable":true,"href":"https:\/\/vocesdebaires.com.ar\/index.php\/wp-json\/wp\/v2\/categories?post=55872"},{"taxonomy":"post_tag","embeddable":true,"href":"https:\/\/vocesdebaires.com.ar\/index.php\/wp-json\/wp\/v2\/tags?post=55872"}],"curies":[{"name":"wp","href":"https:\/\/api.w.org\/{rel}","templated":true}]}}