{"id":55875,"date":"2026-04-27T00:00:41","date_gmt":"2026-04-27T03:00:41","guid":{"rendered":"https:\/\/vocesdebaires.com.ar\/?p=55875"},"modified":"2026-04-26T13:27:13","modified_gmt":"2026-04-26T16:27:13","slug":"personalidad-destacadael-oftalmologo-jose-arrieta-de-las-ciencias-medicas","status":"publish","type":"post","link":"https:\/\/vocesdebaires.com.ar\/index.php\/2026\/04\/27\/personalidad-destacadael-oftalmologo-jose-arrieta-de-las-ciencias-medicas\/","title":{"rendered":"Personalidad Destacada:El oftalm\u00f3logo Jos\u00e9 Arrieta de las Ciencias M\u00e9dicas"},"content":{"rendered":"<p>En el transcurso de un acto realizado en el Sal\u00f3n Dorado, la legisladora porte\u00f1a Patricia Glize entreg\u00f3 la distinci\u00f3n como Personalidad Destacada de la Ciudad Aut\u00f3noma de Buenos Aires, en el \u00e1mbito de las Ciencias M\u00e9dicas, al oftalm\u00f3logo Jos\u00e9 Arrieta. En un recinto colmado de p\u00fablico, se destacaron las presencias del embajador de la Rep\u00fablica de Turqu\u00eda en la Argentina, \u00d6m\u00fcr Budak; el ministro encargado de negocios de la Embajada de la Rep\u00fablica Checa, Filip Kanda; la ex legisladora y actual funcionaria de la PSA, Carolina Estebarena; familiares, amigos, personalidades del \u00e1mbito acad\u00e9mico, pacientes y colegas.<\/p>\n<p>Tambi\u00e9n se proyect\u00f3 un video con saludos de pacientes de varios pa\u00edses y deportistas de diversas disciplinas, y se ley\u00f3 una carta del decano de la Facultad de Ciencias M\u00e9dicas de la Universidad Nacional de Cuyo, Roberto Miatello, celebrando la distinci\u00f3n. La legisladora Glize, autora de la propuesta, expres\u00f3: \u201cEs un orgullo para todos los argentinos tener al doctor Arrieta. En este recinto de la Ciudad reconocemos a quienes se prestigian con su trabajo. Sacrificio, excelencia acad\u00e9mica, disciplina y compromiso social para recuperar la visi\u00f3n, para devolver independencia a las personas. Por eso hoy reconocemos sus logros, pero tambi\u00e9n el camino por el que los alcanz\u00f3\u201d.<\/p>\n<p>Ver\u00f3nica Varano, modelo, actriz y paciente de Arrieta, sostuvo que: \u201cEs un honor celebrar hoy al doctor Jos\u00e9 Arrieta. M\u00e1s all\u00e1 de sus t\u00edtulos y logros, hoy nos convoca su mirada. Su trabajo impacta en la salud visual y, sobre todo, en la calidad de vida. Jos\u00e9 es un profesional que aborda la salud desde una perspectiva integral\u201d. Karina Silva Miranda, bibliotecaria, docente y paciente del homenajeado, asegur\u00f3: \u201cQuiero agradecer al doctor Arrieta por su acompa\u00f1amiento en estos \u00faltimos 15 a\u00f1os. Hace trece a\u00f1os me oper\u00f3 de un glaucoma cong\u00e9nito, una cirug\u00eda que no pod\u00eda pagar. Un primero de mayo me oper\u00f3 gratuitamente y me permiti\u00f3 volver a ser madre.<\/p>\n<p>En un mundo donde todo parece tener precio, usted demostr\u00f3 que la vocaci\u00f3n y la empat\u00eda no se cotizan. Gracias eternas\u201d. Dami\u00e1n P\u00e9rez, director ejecutivo de Arrieta Visi\u00f3n, indic\u00f3 que: \u201cEstamos reconociendo a alguien que ha logrado un impacto real en las personas, m\u00e1s all\u00e1 de trayectorias y logros m\u00e9dicos y profesionales. En el v\u00ednculo con los pacientes es donde aparece nuestro doctor, Jos\u00e9 Arrieta, porque no solo trabaja en procesos m\u00e9dicos, se ocupa de las historias de vida. Historias que son m\u00e1s que resultados, son calidad de vida, son nuevas oportunidades\u201d.<\/p>\n<p>Jos\u00e9 Arrieta, muy emocionado, agradeci\u00f3 a la diputada Patricia Glize y a Carolina Estebarena: \u201cEstoy acostumbrado a hablar en congresos m\u00e9dicos, pero esto es otra cosa\u2026 no hay forma de hacer un discurso\u2026 solamente dar las gracias\u201d. Y un poco m\u00e1s adelante agradeci\u00f3 a compa\u00f1eros de facultad, a maestros y directores de becas, a quienes lo ayudaron desde el principio y \u201ca todos los que en la cl\u00ednica aportan su granito de arena para que cada paciente se sienta apoyado desde el coraz\u00f3n, m\u00e1s all\u00e1 de los resultados m\u00e9dicos\u201d.<\/p>\n<p>Hubo un cierre musical de aliento a la Selecci\u00f3n Nacional de f\u00fatbol para el pr\u00f3ximo mundial a cargo de Palmito, con la canci\u00f3n La Cuarta Estrella, inspirada en No me arrepiento de este amor. Nacido el 20 de junio de 1975, Jos\u00e9 Arrieta manifest\u00f3 desde muy temprana edad una vocaci\u00f3n profunda por el conocimiento m\u00e9dico y el servicio a la comunidad. Ingres\u00f3 a la Facultad de Medicina a los 17 a\u00f1os y egres\u00f3 a los 23 como uno de los mejores promedios de su promoci\u00f3n en la Universidad Nacional de Cuyo.<\/p>\n<p>Como estudiante ya se destacaba por su capacidad investigadora: fue el primer disertante no m\u00e9dico en la historia de los Congresos Argentinos de Oftalmolog\u00eda en participar como ponente, gracias a un trabajo pionero sobre retinopat\u00eda diab\u00e9tica.Su formaci\u00f3n acad\u00e9mica y especializaci\u00f3n continuaron de manera ininterrumpida, alcanzando el t\u00edtulo de especialista en Oftalmolog\u00eda con promedio perfecto y siendo nombrado jefe de residentes del Hospital Central de Mendoza. Durante su jefatura, lider\u00f3 campa\u00f1as humanitarias de cirug\u00eda de cataratas, devolviendo la visi\u00f3n a m\u00e1s de 1.000 personas de escasos recursos, y logr\u00f3 la creaci\u00f3n del primer auditorio acad\u00e9mico del Servicio de Oftalmolog\u00eda, a\u00fan vigente.<\/p>\n<p>A lo largo de su carrera ha desarrollado una obra m\u00e9dica y cient\u00edfica que trasciende nuestras fronteras. Se ha perfeccionado con destacados referentes internacionales en cirug\u00eda refractiva, glaucoma y trasplantes corneales, incluyendo estancias en el Bascom Palmer Eye Institute (EE. UU.) y en el Denver Eye Institute. Fue pionero a nivel mundial en combinar cirug\u00eda refractiva y cirug\u00eda de glaucoma, acu\u00f1ando el t\u00e9rmino \u00abglaucorefractivas\u00bb, presentado en el Congreso Europeo de Oftalmolog\u00eda en Londres (2014).<\/p>\n<p>Como educador, ha sido docente en la Universidad Nacional de Cuyo, la Universidad de Buenos Aires, la Universidad del Salvador y la Universidad Cat\u00f3lica Argentina, adem\u00e1s de ocupar cargos de liderazgo en publicaciones cient\u00edficas. Es autor de m\u00faltiples trabajos presentados en congresos internacionales, siendo un referente de la innovaci\u00f3n quir\u00fargica y la investigaci\u00f3n cl\u00ednica. Una de las facetas m\u00e1s singulares de su carrera es su especializaci\u00f3n en visi\u00f3n deportiva de alto rendimiento. Gracias a su formaci\u00f3n interdisciplinaria, ha desarrollado protocolos y tecnolog\u00edas orientadas a optimizar la visi\u00f3n en atletas de \u00e9lite.<\/p>\n<p>Desde hace m\u00e1s de una d\u00e9cada es el oftalm\u00f3logo oficial de la Selecci\u00f3n Argentina de F\u00fatbol y, actualmente, tambi\u00e9n integra el equipo m\u00e9dico del Comit\u00e9 Ol\u00edmpico Argentino, colaborando en los Juegos Ol\u00edmpicos de Par\u00eds 2024. En 2025, fue elegido como presidente de la World Ophthalmology Sport Society (WOSS), la primera sociedad cient\u00edfica internacional dedicada exclusivamente a la investigaci\u00f3n y aplicaci\u00f3n de la oftalmolog\u00eda en el deporte, con presencia en los cinco continentes. Su liderazgo en este campo lo posiciona como uno de los referentes m\u00e1s influyentes a nivel global.<\/p>\n<p>Vive en Buenos Aires hace m\u00e1s de 15 a\u00f1os y tiene su cl\u00ednica en la calle Paraguay. Es tambi\u00e9n un ejemplo de compromiso social: ha participado en campa\u00f1as de detecci\u00f3n precoz de glaucoma y salud visual tanto en el pa\u00eds como en el exterior, promoviendo el acceso a una salud visual de calidad en poblaciones vulnerables. Su trayectoria es un ejemplo e incentivo para las nuevas generaciones de profesionales que abrazan la medicina con vocaci\u00f3n, innovaci\u00f3n y compromiso social.<\/p>\n","protected":false},"excerpt":{"rendered":"<p>En el transcurso de un acto realizado en el Sal\u00f3n Dorado, la legisladora porte\u00f1a Patricia Glize entreg\u00f3 la distinci\u00f3n como Personalidad Destacada de la Ciudad Aut\u00f3noma de Buenos Aires, en el \u00e1mbito de las Ciencias M\u00e9dicas, al oftalm\u00f3logo Jos\u00e9 Arrieta. En un recinto colmado de p\u00fablico, se destacaron las presencias del embajador de la Rep\u00fablica [&hellip;]<\/p>\n","protected":false},"author":3,"featured_media":55876,"comment_status":"open","ping_status":"open","sticky":false,"template":"","format":"standard","meta":{"_et_pb_use_builder":"","_et_pb_old_content":"","_et_gb_content_width":"","footnotes":""},"categories":[11,33],"tags":[],"class_list":["post-55875","post","type-post","status-publish","format-standard","has-post-thumbnail","hentry","category-ciudad","category-sociedad-y-cultura-2"],"_links":{"self":[{"href":"https:\/\/vocesdebaires.com.ar\/index.php\/wp-json\/wp\/v2\/posts\/55875"}],"collection":[{"href":"https:\/\/vocesdebaires.com.ar\/index.php\/wp-json\/wp\/v2\/posts"}],"about":[{"href":"https:\/\/vocesdebaires.com.ar\/index.php\/wp-json\/wp\/v2\/types\/post"}],"author":[{"embeddable":true,"href":"https:\/\/vocesdebaires.com.ar\/index.php\/wp-json\/wp\/v2\/users\/3"}],"replies":[{"embeddable":true,"href":"https:\/\/vocesdebaires.com.ar\/index.php\/wp-json\/wp\/v2\/comments?post=55875"}],"version-history":[{"count":1,"href":"https:\/\/vocesdebaires.com.ar\/index.php\/wp-json\/wp\/v2\/posts\/55875\/revisions"}],"predecessor-version":[{"id":55877,"href":"https:\/\/vocesdebaires.com.ar\/index.php\/wp-json\/wp\/v2\/posts\/55875\/revisions\/55877"}],"wp:featuredmedia":[{"embeddable":true,"href":"https:\/\/vocesdebaires.com.ar\/index.php\/wp-json\/wp\/v2\/media\/55876"}],"wp:attachment":[{"href":"https:\/\/vocesdebaires.com.ar\/index.php\/wp-json\/wp\/v2\/media?parent=55875"}],"wp:term":[{"taxonomy":"category","embeddable":true,"href":"https:\/\/vocesdebaires.com.ar\/index.php\/wp-json\/wp\/v2\/categories?post=55875"},{"taxonomy":"post_tag","embeddable":true,"href":"https:\/\/vocesdebaires.com.ar\/index.php\/wp-json\/wp\/v2\/tags?post=55875"}],"curies":[{"name":"wp","href":"https:\/\/api.w.org\/{rel}","templated":true}]}}