{"id":55882,"date":"2026-04-27T00:00:44","date_gmt":"2026-04-27T03:00:44","guid":{"rendered":"https:\/\/vocesdebaires.com.ar\/?p=55882"},"modified":"2026-04-26T23:44:15","modified_gmt":"2026-04-27T02:44:15","slug":"ciudadjorge-macri-inauguro-la-50a-feria-del-libro","status":"publish","type":"post","link":"https:\/\/vocesdebaires.com.ar\/index.php\/2026\/04\/27\/ciudadjorge-macri-inauguro-la-50a-feria-del-libro\/","title":{"rendered":"Ciudad:Jorge Macri inaugur\u00f3 la 50\u00aa Feria del Libro"},"content":{"rendered":"<p>En la inauguraci\u00f3n de la cincuentenaria Feria Internacional del Libro de Buenos Aires, Jorge Macri llam\u00f3 a defender el estilo de vida de los porte\u00f1os y sostuvo: \u201cLa cultura es una inversi\u00f3n que siempre vamos a sostener\u201d. El Jefe de Gobierno invit\u00f3 a los vecinos y turistas a participar de La Noche de la Ciudad en la muestra de La Rural, con entrada libre y espect\u00e1culos en vivo este s\u00e1bado desde las 20 y con horario extendido hasta la medianoche.<\/p>\n<p>Durante su discurso, Jorge Macri explic\u00f3 que invertir en cultura es cuidar cada espacio de la Ciudad, como sus 31 bibliotecas, y tambi\u00e9n su identidad: \u00abCuando se ordenan las prioridades, la cultura no se relega: se fortalece y se potencia. La cultura expresa ese estilo de vida que nos define como porte\u00f1os: una Ciudad abierta, inquieta, que debate y que siempre est\u00e1 produciendo algo nuevo y rompiendo paradigmas\u00bb, dijo el Jefe de Gobierno. Lo acompa\u00f1aron la ministra de Cultura,<\/p>\n<p>Gabriela Ricardes, y el ministro de Desarrollo Econ\u00f3mico, Hern\u00e1n Lombardi. Tambi\u00e9n el embajador de Per\u00fa (pa\u00eds invitado de esta edici\u00f3n), Carlos Alberto Chocano Burga, y el secretario de Cultura de la Naci\u00f3n, Leonardo Cifelli, junto al presidente de la Fundaci\u00f3n El Libro, Christian Rainone, escritores y personalidades de la cultura.<\/p>\n<p>Jorge Macri explic\u00f3 que durante su gesti\u00f3n \u201cuno de cada tres edificios de la red de bibliotecas fue totalmente renovado y puesto en valor\u201d, y agreg\u00f3: \u201cEn dos a\u00f1os casi duplicamos la cantidad de socios: pasamos de 90 mil a 170 mil miembros\u201d. Entre las nuevas incorporaciones al patrimonio de la Ciudad, el Jefe de Gobierno mencion\u00f3 la Biblioteca Tom\u00e1s Eloy Mart\u00ednez, en la Casa de la Cultura, y la Biblioteca Digital Jorge Luis Borges. Tambi\u00e9n destac\u00f3 la apertura de bibliosubtes, que replica modelos de ciudades como Madrid y Mil\u00e1n.<\/p>\n<p>Y anunci\u00f3 dos grandes hitos para la proyecci\u00f3n internacional de Buenos Aires: \u201cLa Ciudad fue convocada por primera vez para tener una participaci\u00f3n especial en la Feria de Nueva York. Y se confirm\u00f3 que el a\u00f1o que viene tambi\u00e9n estaremos en la Feria de Guadalajara, la m\u00e1s importante del mercado hispanoamericano\u201d, dijo. Y con relaci\u00f3n a esto, afirm\u00f3: \u201cEse es el desaf\u00edo: que lo que se escribe, se edita y se produce en la Ciudad tambi\u00e9n pueda crecer y proyectarse a nivel internacional\u00bb.<\/p>\n<p>Como parte de la jornada inaugural, cant\u00f3 Fito P\u00e1ez como \u201cinvitado sorpresa\u201d. La gran fiesta del libro en la Ciudad se extender\u00e1 hasta el 11 de mayo en el predio de La Rural de Palermo, de lunes a viernes de 14 a 22, y s\u00e1bados, domingos y feriados de 13 a 22. Entre las figuras internacionales que participar\u00e1n se destacan el sudafricano J. M. Coetzee y el chino Mo Yan, premios Nobel de Literatura; los espa\u00f1oles Fernando Aramburu y Arturo P\u00e9rez-Reverte; y el cubano Leonardo Padura.<\/p>\n<p>Con cada entrada se incluye un \u201cChequelibro\u201d por $12 mil, para utilizar en librer\u00edas adheridas una vez finalizada la Feria, y cupones por el valor del ticket aplicables en la compra en todos los stands de libros. Se espera que m\u00e1s de 1 mill\u00f3n de lectores y m\u00e1s de 12 mil profesionales del sector visiten la muestra. Tambi\u00e9n Buenos Aires llevar\u00e1 sus festivales al stand: Semana Negra con Claudia Pi\u00f1eiro y Guillermo Mart\u00ednez; Urgente!, para repasar los archivos de la \u00faltima dictadura militar a 50 a\u00f1os del golpe de Estado de 1976; y La Bienal de Historieta, contada en vi\u00f1etas en vivo.<\/p>\n<p>\u201cSomos una Ciudad de autores, de editores, de libreros y librer\u00edas\u201d, resalt\u00f3 el Jefe de Gobierno y lo ejemplific\u00f3 con propuestas como \u201cla Feria Internacional, la Noche de las Librer\u00edas y la Ruta de las Librer\u00edas de Barrio\u201d. Tambi\u00e9n con Pase Cultural, adem\u00e1s del \u201cChequelibro\u201d, para que los porte\u00f1os se acerquen, conozcan las 400 librer\u00edas que tiene la Ciudad y puedan realizar compras.<\/p>\n<p>En esta edici\u00f3n, la Ciudad contar\u00e1 con el stand 1.400 del Pabell\u00f3n Amarillo. All\u00ed habr\u00e1 m\u00e1s de 100 actividades con escritores, fil\u00f3sofos, m\u00fasicos, artistas, periodistas, chefs y cient\u00edficos. Adem\u00e1s, habr\u00e1 propuestas especiales por el A\u00f1o Borges, al cumplirse -el pr\u00f3ximo 14 de junio- 40 a\u00f1os de la muerte del c\u00e9lebre escritor, con charlas con Mart\u00edn Kohan, Sylvia Iparraguirre, Mart\u00edn Hadis y Daniel Mecca.<\/p>\n<p>\u201cTenemos todo: talento, historia, identidad y una Ciudad que vive su cultura como pocas ciudades en el mundo. Tenemos el gran desaf\u00edo de abrir nuevos horizontes y generar m\u00e1s oportunidades para todo el ecosistema del libro. Cuenten conmigo para seguir poniendo a nuestra literatura en lo m\u00e1s alto\u201d, complet\u00f3 el Jefe de Gobierno.<\/p>\n<p><strong>Fotos: Gonzalo Picasso \/ GCBA<\/strong><\/p>\n","protected":false},"excerpt":{"rendered":"<p>En la inauguraci\u00f3n de la cincuentenaria Feria Internacional del Libro de Buenos Aires, Jorge Macri llam\u00f3 a defender el estilo de vida de los porte\u00f1os y sostuvo: \u201cLa cultura es una inversi\u00f3n que siempre vamos a sostener\u201d. El Jefe de Gobierno invit\u00f3 a los vecinos y turistas a participar de La Noche de la Ciudad [&hellip;]<\/p>\n","protected":false},"author":2,"featured_media":55883,"comment_status":"open","ping_status":"open","sticky":false,"template":"","format":"standard","meta":{"_et_pb_use_builder":"","_et_pb_old_content":"","_et_gb_content_width":"","footnotes":""},"categories":[11,33],"tags":[],"class_list":["post-55882","post","type-post","status-publish","format-standard","has-post-thumbnail","hentry","category-ciudad","category-sociedad-y-cultura-2"],"_links":{"self":[{"href":"https:\/\/vocesdebaires.com.ar\/index.php\/wp-json\/wp\/v2\/posts\/55882"}],"collection":[{"href":"https:\/\/vocesdebaires.com.ar\/index.php\/wp-json\/wp\/v2\/posts"}],"about":[{"href":"https:\/\/vocesdebaires.com.ar\/index.php\/wp-json\/wp\/v2\/types\/post"}],"author":[{"embeddable":true,"href":"https:\/\/vocesdebaires.com.ar\/index.php\/wp-json\/wp\/v2\/users\/2"}],"replies":[{"embeddable":true,"href":"https:\/\/vocesdebaires.com.ar\/index.php\/wp-json\/wp\/v2\/comments?post=55882"}],"version-history":[{"count":1,"href":"https:\/\/vocesdebaires.com.ar\/index.php\/wp-json\/wp\/v2\/posts\/55882\/revisions"}],"predecessor-version":[{"id":55884,"href":"https:\/\/vocesdebaires.com.ar\/index.php\/wp-json\/wp\/v2\/posts\/55882\/revisions\/55884"}],"wp:featuredmedia":[{"embeddable":true,"href":"https:\/\/vocesdebaires.com.ar\/index.php\/wp-json\/wp\/v2\/media\/55883"}],"wp:attachment":[{"href":"https:\/\/vocesdebaires.com.ar\/index.php\/wp-json\/wp\/v2\/media?parent=55882"}],"wp:term":[{"taxonomy":"category","embeddable":true,"href":"https:\/\/vocesdebaires.com.ar\/index.php\/wp-json\/wp\/v2\/categories?post=55882"},{"taxonomy":"post_tag","embeddable":true,"href":"https:\/\/vocesdebaires.com.ar\/index.php\/wp-json\/wp\/v2\/tags?post=55882"}],"curies":[{"name":"wp","href":"https:\/\/api.w.org\/{rel}","templated":true}]}}