{"id":55885,"date":"2026-04-27T00:00:32","date_gmt":"2026-04-27T03:00:32","guid":{"rendered":"https:\/\/vocesdebaires.com.ar\/?p=55885"},"modified":"2026-04-26T23:48:30","modified_gmt":"2026-04-27T02:48:30","slug":"distincionla-fundacion-de-la-familia-policial-fue-declarada-de-interes","status":"publish","type":"post","link":"https:\/\/vocesdebaires.com.ar\/index.php\/2026\/04\/27\/distincionla-fundacion-de-la-familia-policial-fue-declarada-de-interes\/","title":{"rendered":"Distinci\u00f3n:La Fundaci\u00f3n de la Familia Policial fue declarada de Inter\u00e9s"},"content":{"rendered":"<p>Durante un evento realizado en el Sal\u00f3n Dorado de la Legislatura de la Ciudad, fue declarada de inter\u00e9s la Fundaci\u00f3n de la Familia Policial. El acto cont\u00f3 con la presencia del secretario administrativo, Christian Gribaudo; el vicepresidente primero, Mat\u00edas L\u00f3pez , el autor de la iniciativa, el legislador porte\u00f1o Francisco Loupias; la directora de la fundaci\u00f3n, Genoveva Ferrero; el Procurador General de la Ciudad, Mart\u00edn Ocampo, ministros del ejecutivo de la ciudad de Buenos Aires, legisladores y funcionarios.<\/p>\n<p>En su discurso, el secretario administrativo, Christian Gribaudo, brind\u00f3 unas palabras enfatizando el car\u00e1cter plural de la iniciativa. Gribaudo agradeci\u00f3 a los legisladores de distintos espacios pol\u00edticos por acompa\u00f1ar el proyecto y se\u00f1al\u00f3 que en la Argentina se necesitan m\u00e1s propuestas que logren unir a la sociedad. \u201cLos que creemos en la pol\u00edtica trabajamos para que eso sea posible.<\/p>\n<p>Es muy importante que hoy todos nos apropiemos de este apoyo a la Fundaci\u00f3n, destacando el gran trabajo de Genoveva, de Pedro y de todos sus equipos, que logran algo fundamental: trabajar cuidando a los que nos cuidan\u201d, expres\u00f3. Asimismo, remarc\u00f3 que jerarquizar la fuerza implica entender que la familia policial es parte de nuestra propia comunidad, reconociendo a quienes nos protegen desde la infancia.<\/p>\n<p>Gribaudo concluy\u00f3 destacando que este logro no termina en la formalidad del acto, sino que es una pol\u00edtica de Estado que debe fortalecerse d\u00eda a d\u00eda para que el sue\u00f1o de ayudar a los efectivos sea una realidad permanente.Por su parte, el vicepresidente primero Mat\u00edas L\u00f3pez hizo un reconocimiento especial a la comisi\u00f3n directiva de la fundaci\u00f3n por el impulso y el trabajo sostenido durante todo el a\u00f1o. L\u00f3pez subray\u00f3 que ser parte de las fuerzas de seguridad no es simplemente un trabajo, sino una decisi\u00f3n de vida que implica un enorme acto de servicio y entrega.<\/p>\n<p>\u00abNo alcanza con valorar a las fuerzas solo desde un discurso; hay que generar respaldo y construir una red de apoyo real para quienes dedican su vida a cuidar a los dem\u00e1s\u00bb, afirm\u00f3, destacando que para la Legislatura es un orgullo valorar a una instituci\u00f3n que sabe estar cerca de quienes muchas veces no encuentran qui\u00e9n los asista a ellos.<\/p>\n<p>A su turno, el legislador Francisco Loupias, autor de la iniciativa, dio la bienvenida a los presentes a la casa de la democracia y destac\u00f3 que el objetivo de la organizaci\u00f3n es fortalecer los lazos entre los efectivos, sus seres queridos y la sociedad civil. Loup\u00edas detall\u00f3 que la fundaci\u00f3n brinda asesoramiento legal, orientaci\u00f3n en derecho laboral y asistencia especializada en discapacidad, bajo la premisa de que cuidar a la persona detr\u00e1s del uniforme redunda en un mejor servicio de seguridad para toda la comunidad.<\/p>\n<p>Finalmente, el cierre estuvo a cargo de Genoveva Ferrero, quien calific\u00f3 a la familia policial como su propia familia tras haber trabajado con ellos durante m\u00e1s de 14 a\u00f1os. Ferrero explic\u00f3 que la fundaci\u00f3n naci\u00f3 de la imposibilidad de quedarse de brazos cruzados ante las necesidades de salud o asistencia social de los efectivos. Concluy\u00f3 agradeciendo a los referentes pol\u00edticos y jefes policiales presentes, se\u00f1alando que este reconocimiento de la Legislatura es un impulso fundamental para seguir profesionalizando la tarea de acompa\u00f1ar a quienes arriesgan todo por la seguridad de los vecinos.<\/p>\n<p>La Fundaci\u00f3n de la Familia Policial es una organizaci\u00f3n creada para brindar asistencia integral a los efectivos de la Polic\u00eda de la Ciudad, al Cuerpo de Bomberos y a sus familias, promoviendo su bienestar f\u00edsico, emocional, social y profesional. La esencia de su labor se asienta en la solidaridad y el compromiso comunitario, operando bajo la premisa de que cada contribuci\u00f3n impacta significativamente en la vida de quienes salvaguardan la paz.<\/p>\n<p>Para cumplir sus objetivos, la instituci\u00f3n desarrolla programas de asistencia en tres ejes principales: asesoramiento legal y contable para fortalecer la estabilidad jur\u00eddica de los efectivos; asistencia integral a personas con discapacidad mediante servicios de apoyo constantes; y otorgamiento de subsidios por contingencias para acompa\u00f1ar a las familias en situaciones de emergencia como enfermedades graves o accidentes. Asimismo, la Fundaci\u00f3n materializa su compromiso a trav\u00e9s de una red de voluntariado, capacitaciones continuas en prevenci\u00f3n y proyectos especiales que crean espacios de contenci\u00f3n y ayuda en momentos de vulnerabilidad.<\/p>\n","protected":false},"excerpt":{"rendered":"<p>Durante un evento realizado en el Sal\u00f3n Dorado de la Legislatura de la Ciudad, fue declarada de inter\u00e9s la Fundaci\u00f3n de la Familia Policial. El acto cont\u00f3 con la presencia del secretario administrativo, Christian Gribaudo; el vicepresidente primero, Mat\u00edas L\u00f3pez , el autor de la iniciativa, el legislador porte\u00f1o Francisco Loupias; la directora de la [&hellip;]<\/p>\n","protected":false},"author":2,"featured_media":55886,"comment_status":"open","ping_status":"open","sticky":false,"template":"","format":"standard","meta":{"_et_pb_use_builder":"","_et_pb_old_content":"","_et_gb_content_width":"","footnotes":""},"categories":[11,33],"tags":[],"class_list":["post-55885","post","type-post","status-publish","format-standard","has-post-thumbnail","hentry","category-ciudad","category-sociedad-y-cultura-2"],"_links":{"self":[{"href":"https:\/\/vocesdebaires.com.ar\/index.php\/wp-json\/wp\/v2\/posts\/55885"}],"collection":[{"href":"https:\/\/vocesdebaires.com.ar\/index.php\/wp-json\/wp\/v2\/posts"}],"about":[{"href":"https:\/\/vocesdebaires.com.ar\/index.php\/wp-json\/wp\/v2\/types\/post"}],"author":[{"embeddable":true,"href":"https:\/\/vocesdebaires.com.ar\/index.php\/wp-json\/wp\/v2\/users\/2"}],"replies":[{"embeddable":true,"href":"https:\/\/vocesdebaires.com.ar\/index.php\/wp-json\/wp\/v2\/comments?post=55885"}],"version-history":[{"count":1,"href":"https:\/\/vocesdebaires.com.ar\/index.php\/wp-json\/wp\/v2\/posts\/55885\/revisions"}],"predecessor-version":[{"id":55887,"href":"https:\/\/vocesdebaires.com.ar\/index.php\/wp-json\/wp\/v2\/posts\/55885\/revisions\/55887"}],"wp:featuredmedia":[{"embeddable":true,"href":"https:\/\/vocesdebaires.com.ar\/index.php\/wp-json\/wp\/v2\/media\/55886"}],"wp:attachment":[{"href":"https:\/\/vocesdebaires.com.ar\/index.php\/wp-json\/wp\/v2\/media?parent=55885"}],"wp:term":[{"taxonomy":"category","embeddable":true,"href":"https:\/\/vocesdebaires.com.ar\/index.php\/wp-json\/wp\/v2\/categories?post=55885"},{"taxonomy":"post_tag","embeddable":true,"href":"https:\/\/vocesdebaires.com.ar\/index.php\/wp-json\/wp\/v2\/tags?post=55885"}],"curies":[{"name":"wp","href":"https:\/\/api.w.org\/{rel}","templated":true}]}}