{"id":55888,"date":"2026-04-27T00:00:58","date_gmt":"2026-04-27T03:00:58","guid":{"rendered":"https:\/\/vocesdebaires.com.ar\/?p=55888"},"modified":"2026-04-26T23:54:34","modified_gmt":"2026-04-27T02:54:34","slug":"legislatura-distinguio-al-presidente-de-la-asamblea-nacional-de-ecuador","status":"publish","type":"post","link":"https:\/\/vocesdebaires.com.ar\/index.php\/2026\/04\/27\/legislatura-distinguio-al-presidente-de-la-asamblea-nacional-de-ecuador\/","title":{"rendered":"Legislatura distingui\u00f3 al presidente de la Asamblea Nacional de Ecuador"},"content":{"rendered":"<p>Durante un evento realizado en el Sal\u00f3n Eva Per\u00f3n de la Legislatura de la Ciudad, fue declarado Hu\u00e9sped de Honor Niels Olsen Peet, presidente de la Asamblea Nacional de Ecuador. El acto cont\u00f3 con la presencia de la legislatura porte\u00f1a y autora del proyecto, Patricia Glize; el Subsecretario de Planificaci\u00f3n Administrativa, Ezequiel Basima; el Subsecretario de Relaciones Internacionales y Cooperaci\u00f3n Institucional,<\/p>\n<p>Pablo Garzonio; la Directora General de Relaciones Internacionales, Ornella Vanzillotta; el Presidente Provisional del Senado de la Naci\u00f3n, Bartolom\u00e9 Abdala; la embajadora de Ecuador en Argentina, Diana Salazar M\u00e9ndez; diputados de distintos bloques, funcionarios y una comitiva internacional. La legislatura Glize dio la bienvenida destacando el valor de la cooperaci\u00f3n bilateral: \u00abLos v\u00ednculos entre instituciones tambi\u00e9n se construyen as\u00ed, conversando, conoci\u00e9ndonos, generando lazos entre pa\u00edses que mantienen una relaci\u00f3n cercana. Argentina y Ecuador comparten una historia de respeto y de mucho afecto\u00bb.<\/p>\n<p>Asimismo, enfatiz\u00f3 el rol de la pol\u00edtica parlamentaria: \u00abEl v\u00ednculo entre cuerpos legislativos tiene tanto valor porque permite intercambiar experiencias y aprender de lo que funciona mejor en otros lugares. Quienes tenemos responsabilidad p\u00fablica sabemos que nada importante se resuelve sin el di\u00e1logo\u00bb.<br \/>\nPor su parte, Niels Olsen Peet expres\u00f3 su gratitud por la distinci\u00f3n: \u00abHay algo de esta ciudad que nos hace sentir en casa. No s\u00e9 si es el idioma, la gente o la pasi\u00f3n por la pol\u00edtica que comparten Ecuador y Argentina, pero es un gran honor y siento mucha gratitud\u00bb. El l\u00edder legislativo ecuatoriano concluy\u00f3 con un mensaje regional: \u00abHay que seguir trabajando muy fuerte por Latinoam\u00e9rica, seguir luchando por la democracia y por la libertad.<\/p>\n<p>Creo que esto es solo el comienzo\u00bb. Nacido en Guayaquil en 1986, Olsen cuenta con una s\u00f3lida formaci\u00f3n internacional en Administraci\u00f3n de Empresas y Turismo Sostenible. Antes de su vida p\u00fablica, destac\u00f3 en el sector privado como director de marketing de Sweet &amp; Coffee y como fundador de \u00abHacienda La Danesa\u00bb, un proyecto agrotur\u00edstico en Guayas que se convirti\u00f3 en un referente de sostenibilidad y turismo experiencial en Ecuador.<\/p>\n<p>Su carrera pol\u00edtica despeg\u00f3 en 2021 al ser nombrado Ministro de Turismo, cargo en el que lider\u00f3 la reactivaci\u00f3n del sector tras la pandemia y fue ratificado por el presidente Daniel Noboa en 2023. Posteriormente, dio un paso hacia el \u00e1mbito legislativo, logrando ser electo asamble\u00edsta y, finalmente, designado como Presidente de la Asamblea Nacional en mayo de 2025.<\/p>\n<p>Actualmente, Olsen se perfila como un l\u00edder joven enfocado en la modernizaci\u00f3n del Poder Legislativo y la b\u00fasqueda de consensos democr\u00e1ticos. Su gesti\u00f3n fomenta la integraci\u00f3n regional, raz\u00f3n por la cual ha sido distinguido en Buenos Aires, reconociendo su labor en el fortalecimiento de los lazos institucionales, culturales y tur\u00edsticos entre naciones latinoamericanas.<\/p>\n","protected":false},"excerpt":{"rendered":"<p>Durante un evento realizado en el Sal\u00f3n Eva Per\u00f3n de la Legislatura de la Ciudad, fue declarado Hu\u00e9sped de Honor Niels Olsen Peet, presidente de la Asamblea Nacional de Ecuador. El acto cont\u00f3 con la presencia de la legislatura porte\u00f1a y autora del proyecto, Patricia Glize; el Subsecretario de Planificaci\u00f3n Administrativa, Ezequiel Basima; el Subsecretario [&hellip;]<\/p>\n","protected":false},"author":2,"featured_media":55889,"comment_status":"open","ping_status":"open","sticky":false,"template":"","format":"standard","meta":{"_et_pb_use_builder":"","_et_pb_old_content":"","_et_gb_content_width":"","footnotes":""},"categories":[11,33],"tags":[],"class_list":["post-55888","post","type-post","status-publish","format-standard","has-post-thumbnail","hentry","category-ciudad","category-sociedad-y-cultura-2"],"_links":{"self":[{"href":"https:\/\/vocesdebaires.com.ar\/index.php\/wp-json\/wp\/v2\/posts\/55888"}],"collection":[{"href":"https:\/\/vocesdebaires.com.ar\/index.php\/wp-json\/wp\/v2\/posts"}],"about":[{"href":"https:\/\/vocesdebaires.com.ar\/index.php\/wp-json\/wp\/v2\/types\/post"}],"author":[{"embeddable":true,"href":"https:\/\/vocesdebaires.com.ar\/index.php\/wp-json\/wp\/v2\/users\/2"}],"replies":[{"embeddable":true,"href":"https:\/\/vocesdebaires.com.ar\/index.php\/wp-json\/wp\/v2\/comments?post=55888"}],"version-history":[{"count":1,"href":"https:\/\/vocesdebaires.com.ar\/index.php\/wp-json\/wp\/v2\/posts\/55888\/revisions"}],"predecessor-version":[{"id":55890,"href":"https:\/\/vocesdebaires.com.ar\/index.php\/wp-json\/wp\/v2\/posts\/55888\/revisions\/55890"}],"wp:featuredmedia":[{"embeddable":true,"href":"https:\/\/vocesdebaires.com.ar\/index.php\/wp-json\/wp\/v2\/media\/55889"}],"wp:attachment":[{"href":"https:\/\/vocesdebaires.com.ar\/index.php\/wp-json\/wp\/v2\/media?parent=55888"}],"wp:term":[{"taxonomy":"category","embeddable":true,"href":"https:\/\/vocesdebaires.com.ar\/index.php\/wp-json\/wp\/v2\/categories?post=55888"},{"taxonomy":"post_tag","embeddable":true,"href":"https:\/\/vocesdebaires.com.ar\/index.php\/wp-json\/wp\/v2\/tags?post=55888"}],"curies":[{"name":"wp","href":"https:\/\/api.w.org\/{rel}","templated":true}]}}