{"id":55891,"date":"2026-04-27T00:09:06","date_gmt":"2026-04-27T03:09:06","guid":{"rendered":"https:\/\/vocesdebaires.com.ar\/?p=55891"},"modified":"2026-04-27T00:09:06","modified_gmt":"2026-04-27T03:09:06","slug":"fiesta-historicacon-el-sueno-de-la-vuelta-de-la-formula-1-a-la-ciudad","status":"publish","type":"post","link":"https:\/\/vocesdebaires.com.ar\/index.php\/2026\/04\/27\/fiesta-historicacon-el-sueno-de-la-vuelta-de-la-formula-1-a-la-ciudad\/","title":{"rendered":"Fiesta hist\u00f3rica:con el sue\u00f1o de la vuelta de la F\u00f3rmula 1 a la Ciudad"},"content":{"rendered":"<p>La Ciudad sue\u00f1a con la vuelta de la F\u00f3rmula 1 y hoy vivi\u00f3 una fiesta hist\u00f3rica con la exhibici\u00f3n de Franco Colapinto corriendo por las avenidas Libertador y Sarmiento, frente a 600 mil personas euf\u00f3ricas en Palermo. El motor V8 que aceler\u00f3 el piloto argentino se escuch\u00f3 a varios kil\u00f3metros y marc\u00f3 el regreso de la m\u00e1xima categor\u00eda del automovilismo mundial al pa\u00eds tras 14 a\u00f1os.<\/p>\n<p>El circuito callejero por el que anduvo Franco a fuerza de trompos y aceleraciones abarc\u00f3 tres kil\u00f3metros y se concentr\u00f3 en torno al Monumento a los Espa\u00f1oles. Tras la primera vuelta del mediod\u00eda, que dej\u00f3 la marca de los cauchos quemados en la calle, el piloto de Alpine ya hab\u00eda pasado a la historia como el primer argentino en conducir una m\u00e1quina de F1 por el asfalto porte\u00f1o.<\/p>\n<p>\u201cLa alegr\u00eda que hoy nos dio a todos Franco solo es comparable con las grandes celebraciones de la historia argentina. Fue una gran oportunidad para mostrarle al mundo la pasi\u00f3n que tenemos por los fierros y la capacidad de la Ciudad para organizar eventos de este tipo\u201d, sostuvo el Jefe de Gobierno, Jorge Macri, junto a su esposa, la periodista Mar\u00eda Bel\u00e9n Ludue\u00f1a. Y agreg\u00f3: \u201cYa tenemos confirmado el MotoGP para el a\u00f1o que viene y queremos ir por m\u00e1s: que el sue\u00f1o de la F1 en el Aut\u00f3dromo se haga realidad en poco tiempo\u201d.<\/p>\n<p>Miles de personas llegaron al circuito desde la ma\u00f1ana: familias enteras y un p\u00fablico mayoritariamente joven llevaban carteles y merchandising con el nombre del piloto pilarense y los colores de Alpine. Los balcones de los edificios parec\u00edan tribunas, como en M\u00f3naco, con banderas y gritos de aliento.En un fin de semana en el que convivieron eventos masivos como el inicio de la Feria del Libro, el final del BAFICI, el show de No te va a gustar en Ferro, Margarita en el Planetario y la Maratana en Puerto Madero, el despliegue de la organizaci\u00f3n de la Ciudad en Palermo incluy\u00f3 las \u00e1reas de Seguridad, Espacio P\u00fablico, Tr\u00e1nsito y SAME. Para garantizar el orden, se prohibi\u00f3 el acampe y la venta ambulante, hubo un operativo especial de limpieza y m\u00e1s de 1.200 polic\u00edas.<\/p>\n<p>\u00abEsto fue impresionante, hubo mucha gente y lo disfrut\u00e9. Para m\u00ed fue un placer y un orgullo enorme estar ac\u00e1: es algo que no imaginaba, s\u00ed lo so\u00f1aba, pero no pens\u00e9 que iba a llegar tan pronto. Ojal\u00e1 que dentro de muy poquito tengamos un Gran Premio de F\u00f3rmula 1 en Argentina\u00bb, reconoci\u00f3 Franco, que hizo varios giros con un coche de carrera ic\u00f3nico: un legendario Lotus E20 del a\u00f1o 2012, cuya tecnolog\u00eda lo hace todav\u00eda m\u00e1s potente y ruidoso que los actuales h\u00edbridos V6 de F1.<\/p>\n<p>\u201cFue un fiest\u00f3n. Vino gente de Brasil, Paraguay, Uruguay y Chile. Estamos felices por esta gran movida. Fue un esfuerzo importante traerlo y hubo una gran organizaci\u00f3n. Es una manera m\u00e1s de tratar de convencer a la gente de la F1 para que conf\u00ede en nosotros, hay que ganarle a otras ciudades del mundo. Y esto es un plus a favor nuestro\u201d, dijo Jorge Macri, y destac\u00f3 la elecci\u00f3n de la Ciudad como Capital Mundial del Deporte 2027 y los avances del plan de obras para modernizar el Aut\u00f3dromo y convertirlo en una pista de categor\u00eda internacional, lo que hace que ese sue\u00f1o est\u00e9 todav\u00eda m\u00e1s cerca.<\/p>\n<p>La segunda pasada hizo delirar a la gente: con las cl\u00e1sicas antiparras de lente dividido que usaban los corredores de mediados del siglo XX y una bandera argentina, Franco dio varias vueltas a bordo del Mercedes-Benz W196, una r\u00e9plica del famoso Flecha de Plata con el que Juan Manuel Fangio gan\u00f3 los campeonatos mundiales de 1954 y 1955. Resplandeciente, con dos escapes cromados asom\u00e1ndose por el costado derecho, llevaba el #16 en la trompa: el n\u00famero que us\u00f3 el qu\u00edntuple campe\u00f3n mundial durante sus carreras m\u00e1s exitosas.<\/p>\n<p>La \u00faltima salida de Franco no fue con un coche de carrera sino arriba de la caja de un cami\u00f3n que recorri\u00f3 todo el circuito para saludar a la gente. Lo acompa\u00f1\u00f3 su amigo, el m\u00fasico y productor Bizarrap. \u201cLa pas\u00e9 espectacular y le demostramos a la gente de la F\u00f3rmula 1 que nos merecemos una fecha en la Argentina\u201d, complet\u00f3 el piloto.<\/p>\n<p>&nbsp;<\/p>\n","protected":false},"excerpt":{"rendered":"<p>La Ciudad sue\u00f1a con la vuelta de la F\u00f3rmula 1 y hoy vivi\u00f3 una fiesta hist\u00f3rica con la exhibici\u00f3n de Franco Colapinto corriendo por las avenidas Libertador y Sarmiento, frente a 600 mil personas euf\u00f3ricas en Palermo. El motor V8 que aceler\u00f3 el piloto argentino se escuch\u00f3 a varios kil\u00f3metros y marc\u00f3 el regreso de [&hellip;]<\/p>\n","protected":false},"author":2,"featured_media":55892,"comment_status":"open","ping_status":"open","sticky":false,"template":"","format":"standard","meta":{"_et_pb_use_builder":"","_et_pb_old_content":"","_et_gb_content_width":"","footnotes":""},"categories":[11,33],"tags":[],"class_list":["post-55891","post","type-post","status-publish","format-standard","has-post-thumbnail","hentry","category-ciudad","category-sociedad-y-cultura-2"],"_links":{"self":[{"href":"https:\/\/vocesdebaires.com.ar\/index.php\/wp-json\/wp\/v2\/posts\/55891"}],"collection":[{"href":"https:\/\/vocesdebaires.com.ar\/index.php\/wp-json\/wp\/v2\/posts"}],"about":[{"href":"https:\/\/vocesdebaires.com.ar\/index.php\/wp-json\/wp\/v2\/types\/post"}],"author":[{"embeddable":true,"href":"https:\/\/vocesdebaires.com.ar\/index.php\/wp-json\/wp\/v2\/users\/2"}],"replies":[{"embeddable":true,"href":"https:\/\/vocesdebaires.com.ar\/index.php\/wp-json\/wp\/v2\/comments?post=55891"}],"version-history":[{"count":1,"href":"https:\/\/vocesdebaires.com.ar\/index.php\/wp-json\/wp\/v2\/posts\/55891\/revisions"}],"predecessor-version":[{"id":55893,"href":"https:\/\/vocesdebaires.com.ar\/index.php\/wp-json\/wp\/v2\/posts\/55891\/revisions\/55893"}],"wp:featuredmedia":[{"embeddable":true,"href":"https:\/\/vocesdebaires.com.ar\/index.php\/wp-json\/wp\/v2\/media\/55892"}],"wp:attachment":[{"href":"https:\/\/vocesdebaires.com.ar\/index.php\/wp-json\/wp\/v2\/media?parent=55891"}],"wp:term":[{"taxonomy":"category","embeddable":true,"href":"https:\/\/vocesdebaires.com.ar\/index.php\/wp-json\/wp\/v2\/categories?post=55891"},{"taxonomy":"post_tag","embeddable":true,"href":"https:\/\/vocesdebaires.com.ar\/index.php\/wp-json\/wp\/v2\/tags?post=55891"}],"curies":[{"name":"wp","href":"https:\/\/api.w.org\/{rel}","templated":true}]}}