{"id":55898,"date":"2026-04-29T00:00:08","date_gmt":"2026-04-29T03:00:08","guid":{"rendered":"https:\/\/vocesdebaires.com.ar\/?p=55898"},"modified":"2026-04-28T23:47:53","modified_gmt":"2026-04-29T02:47:53","slug":"ciudadse-inaugura-una-muestra-apolineo-y-dionisiaco","status":"publish","type":"post","link":"https:\/\/vocesdebaires.com.ar\/index.php\/2026\/04\/29\/ciudadse-inaugura-una-muestra-apolineo-y-dionisiaco\/","title":{"rendered":"Ciudad:Se inaugura una muestra Apol\u00edneo y Dionis\u00edaco"},"content":{"rendered":"<p>En esta muestra colectiva, Sigal edifica un sistema de premisas claras, necesidad del color y una \u201carquitectura\u201d sensible, aut\u00e9ntica, sin gestos superficiales. Incita a pensar que las apariencias no enga\u00f1an, nada es dudoso. Por su parte, Leiva plantea un \u201cno lugar\u201d con estructuras s\u00f3lidas. A partir de la fragmentaci\u00f3n y la no funcionalidad establece una dial\u00e9ctica entre el concepto de utop\u00eda y la imagen arquitect\u00f3nica. La cita es el mi\u00e9rcoles 6 de mayo a las 18 horas en la Sala de Exposiciones Manuel Belgrano, subsuelo del Palacio Legislativo en Per\u00fa 160, CABA. Entrada libre y gratuita, con el requisito de presentar DNI en el ingreso. La muestra podr\u00e1 visitarse hasta el jueves 21 de mayo, de lunes a viernes de 10 a 19 horas.<\/p>\n","protected":false},"excerpt":{"rendered":"<p>En esta muestra colectiva, Sigal edifica un sistema de premisas claras, necesidad del color y una \u201carquitectura\u201d sensible, aut\u00e9ntica, sin gestos superficiales. Incita a pensar que las apariencias no enga\u00f1an, nada es dudoso. Por su parte, Leiva plantea un \u201cno lugar\u201d con estructuras s\u00f3lidas. A partir de la fragmentaci\u00f3n y la no funcionalidad establece una [&hellip;]<\/p>\n","protected":false},"author":3,"featured_media":55899,"comment_status":"open","ping_status":"open","sticky":false,"template":"","format":"standard","meta":{"_et_pb_use_builder":"","_et_pb_old_content":"","_et_gb_content_width":"","footnotes":""},"categories":[11,33],"tags":[],"class_list":["post-55898","post","type-post","status-publish","format-standard","has-post-thumbnail","hentry","category-ciudad","category-sociedad-y-cultura-2"],"_links":{"self":[{"href":"https:\/\/vocesdebaires.com.ar\/index.php\/wp-json\/wp\/v2\/posts\/55898"}],"collection":[{"href":"https:\/\/vocesdebaires.com.ar\/index.php\/wp-json\/wp\/v2\/posts"}],"about":[{"href":"https:\/\/vocesdebaires.com.ar\/index.php\/wp-json\/wp\/v2\/types\/post"}],"author":[{"embeddable":true,"href":"https:\/\/vocesdebaires.com.ar\/index.php\/wp-json\/wp\/v2\/users\/3"}],"replies":[{"embeddable":true,"href":"https:\/\/vocesdebaires.com.ar\/index.php\/wp-json\/wp\/v2\/comments?post=55898"}],"version-history":[{"count":1,"href":"https:\/\/vocesdebaires.com.ar\/index.php\/wp-json\/wp\/v2\/posts\/55898\/revisions"}],"predecessor-version":[{"id":55900,"href":"https:\/\/vocesdebaires.com.ar\/index.php\/wp-json\/wp\/v2\/posts\/55898\/revisions\/55900"}],"wp:featuredmedia":[{"embeddable":true,"href":"https:\/\/vocesdebaires.com.ar\/index.php\/wp-json\/wp\/v2\/media\/55899"}],"wp:attachment":[{"href":"https:\/\/vocesdebaires.com.ar\/index.php\/wp-json\/wp\/v2\/media?parent=55898"}],"wp:term":[{"taxonomy":"category","embeddable":true,"href":"https:\/\/vocesdebaires.com.ar\/index.php\/wp-json\/wp\/v2\/categories?post=55898"},{"taxonomy":"post_tag","embeddable":true,"href":"https:\/\/vocesdebaires.com.ar\/index.php\/wp-json\/wp\/v2\/tags?post=55898"}],"curies":[{"name":"wp","href":"https:\/\/api.w.org\/{rel}","templated":true}]}}