{"id":55901,"date":"2026-04-29T00:00:36","date_gmt":"2026-04-29T03:00:36","guid":{"rendered":"https:\/\/vocesdebaires.com.ar\/?p=55901"},"modified":"2026-04-28T23:53:12","modified_gmt":"2026-04-29T02:53:12","slug":"florestaallanaron-una-barberia-en-el-que-se-ocultaba-un-prostibulo","status":"publish","type":"post","link":"https:\/\/vocesdebaires.com.ar\/index.php\/2026\/04\/29\/florestaallanaron-una-barberia-en-el-que-se-ocultaba-un-prostibulo\/","title":{"rendered":"Floresta:Allanaron una barber\u00eda en el que se ocultaba un prost\u00edbulo"},"content":{"rendered":"<p>Los efectivos llevaron adelante el procedimiento en un local ubicado en la avenida Juan Bautista Alberdi al 4300, en el marco de una investigaci\u00f3n sobre explotaci\u00f3n sexual a personas en situaci\u00f3n de vulnerabilidad. El operativo tuvo la intervenci\u00f3n de la Fiscal\u00eda Penal, Contravencional y de Faltas N\u00famero 35, a cargo de Celsa Ram\u00edrez, Secretar\u00eda \u00danica de Dami\u00e1n Giglio. Junto a la Divisi\u00f3n Trata de Personas actuaron inspectores de la Agencia Gubernamental de Control (AGC) y personal de la Direcci\u00f3n Nacional de Migraciones y de la Direcci\u00f3n General de Fiscalizaci\u00f3n y Control de la Ciudad.<\/p>\n<p>La puerta de ingreso al local estaba cerrada, por lo que los efectivos, en presencia de testigos, procedieron a irrumpir luego de no obtener respuestas a los llamados. En el interior hab\u00eda tres mujeres y un hombre, todos mayores de edad, que fueron identificados por funcionarios de Migraciones. La AGC clausur\u00f3 el inmueble y los efectivos policiales incautaron seis tel\u00e9fonos celulares, un cuaderno con anotaciones, preservativos, 260 mil pesos y 25 d\u00f3lares. El magistrado actuante dispuso la imputaci\u00f3n de la administradora y la declaraci\u00f3n de las dem\u00e1s personas que se encontraban en el lugar.<\/p>\n","protected":false},"excerpt":{"rendered":"<p>Los efectivos llevaron adelante el procedimiento en un local ubicado en la avenida Juan Bautista Alberdi al 4300, en el marco de una investigaci\u00f3n sobre explotaci\u00f3n sexual a personas en situaci\u00f3n de vulnerabilidad. El operativo tuvo la intervenci\u00f3n de la Fiscal\u00eda Penal, Contravencional y de Faltas N\u00famero 35, a cargo de Celsa Ram\u00edrez, Secretar\u00eda \u00danica [&hellip;]<\/p>\n","protected":false},"author":3,"featured_media":55902,"comment_status":"open","ping_status":"open","sticky":false,"template":"","format":"standard","meta":{"_et_pb_use_builder":"","_et_pb_old_content":"","_et_gb_content_width":"","footnotes":""},"categories":[11,32],"tags":[],"class_list":["post-55901","post","type-post","status-publish","format-standard","has-post-thumbnail","hentry","category-ciudad","category-comunas"],"_links":{"self":[{"href":"https:\/\/vocesdebaires.com.ar\/index.php\/wp-json\/wp\/v2\/posts\/55901"}],"collection":[{"href":"https:\/\/vocesdebaires.com.ar\/index.php\/wp-json\/wp\/v2\/posts"}],"about":[{"href":"https:\/\/vocesdebaires.com.ar\/index.php\/wp-json\/wp\/v2\/types\/post"}],"author":[{"embeddable":true,"href":"https:\/\/vocesdebaires.com.ar\/index.php\/wp-json\/wp\/v2\/users\/3"}],"replies":[{"embeddable":true,"href":"https:\/\/vocesdebaires.com.ar\/index.php\/wp-json\/wp\/v2\/comments?post=55901"}],"version-history":[{"count":1,"href":"https:\/\/vocesdebaires.com.ar\/index.php\/wp-json\/wp\/v2\/posts\/55901\/revisions"}],"predecessor-version":[{"id":55903,"href":"https:\/\/vocesdebaires.com.ar\/index.php\/wp-json\/wp\/v2\/posts\/55901\/revisions\/55903"}],"wp:featuredmedia":[{"embeddable":true,"href":"https:\/\/vocesdebaires.com.ar\/index.php\/wp-json\/wp\/v2\/media\/55902"}],"wp:attachment":[{"href":"https:\/\/vocesdebaires.com.ar\/index.php\/wp-json\/wp\/v2\/media?parent=55901"}],"wp:term":[{"taxonomy":"category","embeddable":true,"href":"https:\/\/vocesdebaires.com.ar\/index.php\/wp-json\/wp\/v2\/categories?post=55901"},{"taxonomy":"post_tag","embeddable":true,"href":"https:\/\/vocesdebaires.com.ar\/index.php\/wp-json\/wp\/v2\/tags?post=55901"}],"curies":[{"name":"wp","href":"https:\/\/api.w.org\/{rel}","templated":true}]}}