{"id":55908,"date":"2026-04-30T12:51:26","date_gmt":"2026-04-30T15:51:26","guid":{"rendered":"https:\/\/vocesdebaires.com.ar\/?p=55908"},"modified":"2026-04-30T12:51:26","modified_gmt":"2026-04-30T15:51:26","slug":"la-bocatres-hombresdetenidos-por-ingresar-a-un-conventillo","status":"publish","type":"post","link":"https:\/\/vocesdebaires.com.ar\/index.php\/2026\/04\/30\/la-bocatres-hombresdetenidos-por-ingresar-a-un-conventillo\/","title":{"rendered":"La Boca:tres hombres,detenidos por ingresar a un conventillo"},"content":{"rendered":"<p>Se trata del segundo intento de intrusi\u00f3n registrado en esa vivienda desde que fue desalojada y tapiada, en diciembre de 2025.El procedimiento fue realizado por personal de la Comisar\u00eda Vecinal 4 C en la calle Necochea al 1200, adonde fue desplazado por el Centro de Monitoreo Urbano ante la presencia de tres sospechosos con intenciones de ingresar al inmueble.Al arribar, los efectivos constataron que se trataba de un conventillo clausurado y vinculado a un intento de usurpaci\u00f3n previo. Los oficiales tambi\u00e9n observaron un boquete en el tapiado, compatible con un intento de ingreso.<\/p>\n<p>A pocos metros, y con el apoyo de las c\u00e1maras, los polic\u00edas localizaron a los imputados -dos argentinos de 51 y 31 a\u00f1os y un uruguayo de 44-, quienes fueron identificados.En el procedimiento se secuestr\u00f3 una maza tipo martillo utilizada para da\u00f1ar la estructura.A fines de 2025, personal policial hab\u00eda detenido a dos hombres que intentaban usurpar la propiedad. En aquella oportunidad, un argentino de 33 a\u00f1os con antecedentes por robo y un uruguayo de 51, hab\u00edan da\u00f1ado el tapiado con el objetivo de ingresar al lugar. Interviene la Fiscal\u00eda Penal, Contravencional y de Faltas N\u00b0 34, a cargo de la Dra. Bellavigna, que dispuso la detenci\u00f3n de los imputados por el delito de da\u00f1o.<\/p>\n","protected":false},"excerpt":{"rendered":"<p>Se trata del segundo intento de intrusi\u00f3n registrado en esa vivienda desde que fue desalojada y tapiada, en diciembre de 2025.El procedimiento fue realizado por personal de la Comisar\u00eda Vecinal 4 C en la calle Necochea al 1200, adonde fue desplazado por el Centro de Monitoreo Urbano ante la presencia de tres sospechosos con intenciones [&hellip;]<\/p>\n","protected":false},"author":3,"featured_media":55909,"comment_status":"open","ping_status":"open","sticky":false,"template":"","format":"standard","meta":{"_et_pb_use_builder":"","_et_pb_old_content":"","_et_gb_content_width":"","footnotes":""},"categories":[11,32],"tags":[],"class_list":["post-55908","post","type-post","status-publish","format-standard","has-post-thumbnail","hentry","category-ciudad","category-comunas"],"_links":{"self":[{"href":"https:\/\/vocesdebaires.com.ar\/index.php\/wp-json\/wp\/v2\/posts\/55908"}],"collection":[{"href":"https:\/\/vocesdebaires.com.ar\/index.php\/wp-json\/wp\/v2\/posts"}],"about":[{"href":"https:\/\/vocesdebaires.com.ar\/index.php\/wp-json\/wp\/v2\/types\/post"}],"author":[{"embeddable":true,"href":"https:\/\/vocesdebaires.com.ar\/index.php\/wp-json\/wp\/v2\/users\/3"}],"replies":[{"embeddable":true,"href":"https:\/\/vocesdebaires.com.ar\/index.php\/wp-json\/wp\/v2\/comments?post=55908"}],"version-history":[{"count":1,"href":"https:\/\/vocesdebaires.com.ar\/index.php\/wp-json\/wp\/v2\/posts\/55908\/revisions"}],"predecessor-version":[{"id":55910,"href":"https:\/\/vocesdebaires.com.ar\/index.php\/wp-json\/wp\/v2\/posts\/55908\/revisions\/55910"}],"wp:featuredmedia":[{"embeddable":true,"href":"https:\/\/vocesdebaires.com.ar\/index.php\/wp-json\/wp\/v2\/media\/55909"}],"wp:attachment":[{"href":"https:\/\/vocesdebaires.com.ar\/index.php\/wp-json\/wp\/v2\/media?parent=55908"}],"wp:term":[{"taxonomy":"category","embeddable":true,"href":"https:\/\/vocesdebaires.com.ar\/index.php\/wp-json\/wp\/v2\/categories?post=55908"},{"taxonomy":"post_tag","embeddable":true,"href":"https:\/\/vocesdebaires.com.ar\/index.php\/wp-json\/wp\/v2\/tags?post=55908"}],"curies":[{"name":"wp","href":"https:\/\/api.w.org\/{rel}","templated":true}]}}