{"id":55911,"date":"2026-04-30T12:55:43","date_gmt":"2026-04-30T15:55:43","guid":{"rendered":"https:\/\/vocesdebaires.com.ar\/?p=55911"},"modified":"2026-04-30T12:56:20","modified_gmt":"2026-04-30T15:56:20","slug":"8vo-encuentrola-red-de-concejos-deliberantes-desembarco-en-la-patagonia","status":"publish","type":"post","link":"https:\/\/vocesdebaires.com.ar\/index.php\/2026\/04\/30\/8vo-encuentrola-red-de-concejos-deliberantes-desembarco-en-la-patagonia\/","title":{"rendered":"La Red de Concejos Deliberantes desembarc\u00f3 en la Patagonia"},"content":{"rendered":"<p>La provincia de Santa Cruz, fue el escenario que cont\u00f3 con una destacada convocatoria. Durante dos extensas jornadas, representantes de concejos deliberantes de todo el pa\u00eds, se reunieron en R\u00edo Gallegos para debatir y compartir experiencias en torno a los ejes de Salud Mental, Movilidad urbana y Herramientas para fortalecer la cercan\u00eda a la comunidad.<\/p>\n<p>R\u00edo Gallegos fue uno de los primeros concejos en integrarse a esta construcci\u00f3n federal, que hoy sigue creciendo y fortaleciendo v\u00ednculos en todo el territorio nacional. Por eso, esta convocatoria marca un hito para la red de Legislaturas Conectadas, ya que es la primera vez que la Red de Honorables Concejos Deliberantes llega a la Patagonia, consolidando su presencia en el sur del pa\u00eds.<\/p>\n<p>Con una impronta institucional, la reuni\u00f3n reflej\u00f3 ese esp\u00edritu: participaron cerca de 30 delegaciones con 60 concejales de distintas regiones del pa\u00eds, representando a todas las geograf\u00edas argentinas \u2014Patagonia, NOA, NEA, Cuyo y Centro, lo que reafirma el car\u00e1cter verdaderamente federal de la red. El acto de apertura y bienvenida a los participantes, estuvo encabezado por la presidenta del Honorable Concejo Deliberante de R\u00edo Gallegos, Daniela D\u2019Amico junto a la coordinadora general de Legislaturas Conectadas, Julieta Aldea quien recibi\u00f3 un reconocimiento por la actividad.<\/p>\n<p>Participaron tambi\u00e9n, la ministra de gobierno de Santa Cruz, Bel\u00e9n Elmiger, el legislador provincial por dicha provincia, Pedro Mu\u00f1oz ,-integrante de la red Legislaturas Conectadas en la Comisi\u00f3n de Cambio Clim\u00e1tico- y el jefe de gabinete de la Municipalidad de R\u00edo Gallegos, Diego Robles. Mu\u00f1oz felicit\u00f3 a las autoridades de la Legislatura de la ciudad de Buenos Aires por esta \u201ciniciativa federal que acerca a los concejos deliberantes\u201d. Y apost\u00f3 tambi\u00e9n por la continuidad del \u201ctrabajo en la b\u00fasqueda de mayor institucionalidad\u201d.<\/p>\n<p>Luego, comenz\u00f3 el debate. En el marco del eje sobre \u201cSalud mental\u201d, la disertante Lic. Mar\u00eda Jos\u00e9 Vacirca, presidenta del Colegio Profesional de Psic\u00f3logos de Santa Cruz, abord\u00f3 los principales desaf\u00edos del sistema, haciendo foco en los mitos que a\u00fan persisten en torno a la atenci\u00f3n en neuropsiqui\u00e1tricos y hospitales, as\u00ed como en la fuerte estigmatizaci\u00f3n que atraviesa a las personas con padecimientos mentales. Durante su exposici\u00f3n, tambi\u00e9n hizo hincapi\u00e9 en el rol de los dispositivos comunitarios, en l\u00ednea con el art\u00edculo 11 de la ley, destacando la importancia de promover el pasaje \u201cde un sujeto pasivo a un sujeto activo y part\u00edcipe de su propio tratamiento\u201d.<\/p>\n<p>Mencion\u00f3 que el presupuesto destinado al \u00e1rea representa un 10% del total de salud, y convoc\u00f3 a los concejales a involucrarse activamente mediante la creaci\u00f3n de programas y dispositivos locales, con asesoramiento profesional.\u00c9ste fue el inicio de una agenda de, capacitaci\u00f3n e intercambio en la que se dieron espacios de trabajo en equipos y exposiciones vinculadas al tema expuesto. El debate estuvo enfocado en fortalecer el trabajo legislativo local, compartir experiencias y consolidar una mirada federal desde la capital santacruce\u00f1a.<\/p>\n<p>En la segunda jornada con foco en la \u201cMovilidad urbana\u201d, la disertante Mar\u00eda Sanz, Subsecretaria de la Agencia de Seguridad Vial de Santa Cruz, se centr\u00f3 en la necesidad de avanzar hacia sistemas de movilidad seguros y sostenibles, destacando el rol central de los concejales como actores de cercan\u00eda con la ciudadan\u00eda y capacidad de transformaci\u00f3n. En ese sentido, llam\u00f3 a impulsar medidas concretas como la reducci\u00f3n de velocidades y el sistema de scoring: \u201cuna rebeli\u00f3n de todos los concejales para que vayan por el alcohol cero\u201d. Con una mirada inclusiva, incorpor\u00f3 la situaci\u00f3n de peatones, motociclistas y personas con movilidad reducida, promoviendo empat\u00eda y conciencia social.<\/p>\n<p>Posteriormente, se debati\u00f3 acerca de las \u201cHerramientas para fortalecer la cercan\u00eda a la comunidad\u201d y se eligi\u00f3 a la Villa de Merlo, en la provincia de San Luis, para realizar el 9no encuentro, a realizarse en el mes de septiembre. Adem\u00e1s, qued\u00f3 confirmada la sede de Bariloche para el pr\u00f3ximo a\u00f1o. Por otra parte, se socializ\u00f3 un documento elaborado y consensuado en el marco del 7mo encuentro de Concejos Deliberantes, con eje en los consumos problem\u00e1ticos digitales y suicidio, para la aprobaci\u00f3n y adhesi\u00f3n de los concejales participantes. Legislaturas Conectadas contin\u00faa trabajando para fortalecer la vinculaci\u00f3n entre los parlamentos y su conexi\u00f3n con la ciudadan\u00eda. En ese marco, La Rioja ser\u00e1 el escenario del 2do encuentro de secretarios parlamentarios y administrativos de todo el pa\u00eds, el pr\u00f3ximo 11 de mayo.<\/p>\n","protected":false},"excerpt":{"rendered":"<p>La provincia de Santa Cruz, fue el escenario que cont\u00f3 con una destacada convocatoria. Durante dos extensas jornadas, representantes de concejos deliberantes de todo el pa\u00eds, se reunieron en R\u00edo Gallegos para debatir y compartir experiencias en torno a los ejes de Salud Mental, Movilidad urbana y Herramientas para fortalecer la cercan\u00eda a la comunidad. [&hellip;]<\/p>\n","protected":false},"author":3,"featured_media":55912,"comment_status":"open","ping_status":"open","sticky":false,"template":"","format":"standard","meta":{"_et_pb_use_builder":"","_et_pb_old_content":"","_et_gb_content_width":"","footnotes":""},"categories":[11,33],"tags":[],"class_list":["post-55911","post","type-post","status-publish","format-standard","has-post-thumbnail","hentry","category-ciudad","category-sociedad-y-cultura-2"],"_links":{"self":[{"href":"https:\/\/vocesdebaires.com.ar\/index.php\/wp-json\/wp\/v2\/posts\/55911"}],"collection":[{"href":"https:\/\/vocesdebaires.com.ar\/index.php\/wp-json\/wp\/v2\/posts"}],"about":[{"href":"https:\/\/vocesdebaires.com.ar\/index.php\/wp-json\/wp\/v2\/types\/post"}],"author":[{"embeddable":true,"href":"https:\/\/vocesdebaires.com.ar\/index.php\/wp-json\/wp\/v2\/users\/3"}],"replies":[{"embeddable":true,"href":"https:\/\/vocesdebaires.com.ar\/index.php\/wp-json\/wp\/v2\/comments?post=55911"}],"version-history":[{"count":2,"href":"https:\/\/vocesdebaires.com.ar\/index.php\/wp-json\/wp\/v2\/posts\/55911\/revisions"}],"predecessor-version":[{"id":55914,"href":"https:\/\/vocesdebaires.com.ar\/index.php\/wp-json\/wp\/v2\/posts\/55911\/revisions\/55914"}],"wp:featuredmedia":[{"embeddable":true,"href":"https:\/\/vocesdebaires.com.ar\/index.php\/wp-json\/wp\/v2\/media\/55912"}],"wp:attachment":[{"href":"https:\/\/vocesdebaires.com.ar\/index.php\/wp-json\/wp\/v2\/media?parent=55911"}],"wp:term":[{"taxonomy":"category","embeddable":true,"href":"https:\/\/vocesdebaires.com.ar\/index.php\/wp-json\/wp\/v2\/categories?post=55911"},{"taxonomy":"post_tag","embeddable":true,"href":"https:\/\/vocesdebaires.com.ar\/index.php\/wp-json\/wp\/v2\/tags?post=55911"}],"curies":[{"name":"wp","href":"https:\/\/api.w.org\/{rel}","templated":true}]}}