{"id":55915,"date":"2026-04-30T13:01:18","date_gmt":"2026-04-30T16:01:18","guid":{"rendered":"https:\/\/vocesdebaires.com.ar\/?p=55915"},"modified":"2026-04-30T13:01:35","modified_gmt":"2026-04-30T16:01:35","slug":"avanzan-proyectos-de-gestion-ambientalfortalecer-huertas-urbanas","status":"publish","type":"post","link":"https:\/\/vocesdebaires.com.ar\/index.php\/2026\/04\/30\/avanzan-proyectos-de-gestion-ambientalfortalecer-huertas-urbanas\/","title":{"rendered":"Avanzan proyectos de gesti\u00f3n ambiental,fortalecer huertas urbanas"},"content":{"rendered":"<p>La Comisi\u00f3n de Ambiente, presidida por el legislador Alejandro Grillo (Fuerza por Buenos Aires), llev\u00f3 adelante una reuni\u00f3n en la que se abordaron diversas iniciativas vinculadas a la gesti\u00f3n ambiental en la Ciudad.Durante la primera media hora del encuentro se recibieron los testimonios de representantes de la Huerta Urbana Agroecol\u00f3gica \u201cAnita Broccoli\u201d y de la Escuela de Formaci\u00f3n Urbana Ambiental, quienes expusieron sobre sus experiencias de trabajo territorial, educaci\u00f3n ambiental y promoci\u00f3n de pr\u00e1cticas sustentables. Luego la comisi\u00f3n avanz\u00f3 con el despacho favorable de proyectos que reconocen y fortalecen la labor de ambas instituciones, as\u00ed como tambi\u00e9n de la agrupaci\u00f3n comunitaria \u201cBarrios Arborescentes\u201d, destacando su aporte en materia ambiental y social.<\/p>\n<p>Asimismo, se dio despacho a una serie de pedidos de informes vinculados a tem\u00e1ticas de higiene urbana, gesti\u00f3n de residuos y control ambiental. Entre ellos, el tratamiento de residuos s\u00f3lidos urbanos; la prestaci\u00f3n del servicio de higiene urbana en villas y barrios populares; las acciones de desratizaci\u00f3n y control de plagas realizadas por el Gobierno de la Ciudad; y la situaci\u00f3n del Ente de Higiene Urbana (EHU). Finalmente la comisi\u00f3n emiti\u00f3 despacho para declarar de inter\u00e9s educativo las actividades desarrolladas por el Centro Tradicionalista de Barracas.<\/p>\n","protected":false},"excerpt":{"rendered":"<p>La Comisi\u00f3n de Ambiente, presidida por el legislador Alejandro Grillo (Fuerza por Buenos Aires), llev\u00f3 adelante una reuni\u00f3n en la que se abordaron diversas iniciativas vinculadas a la gesti\u00f3n ambiental en la Ciudad.Durante la primera media hora del encuentro se recibieron los testimonios de representantes de la Huerta Urbana Agroecol\u00f3gica \u201cAnita Broccoli\u201d y de la [&hellip;]<\/p>\n","protected":false},"author":3,"featured_media":55916,"comment_status":"open","ping_status":"open","sticky":false,"template":"","format":"standard","meta":{"_et_pb_use_builder":"","_et_pb_old_content":"","_et_gb_content_width":"","footnotes":""},"categories":[11,33],"tags":[],"class_list":["post-55915","post","type-post","status-publish","format-standard","has-post-thumbnail","hentry","category-ciudad","category-sociedad-y-cultura-2"],"_links":{"self":[{"href":"https:\/\/vocesdebaires.com.ar\/index.php\/wp-json\/wp\/v2\/posts\/55915"}],"collection":[{"href":"https:\/\/vocesdebaires.com.ar\/index.php\/wp-json\/wp\/v2\/posts"}],"about":[{"href":"https:\/\/vocesdebaires.com.ar\/index.php\/wp-json\/wp\/v2\/types\/post"}],"author":[{"embeddable":true,"href":"https:\/\/vocesdebaires.com.ar\/index.php\/wp-json\/wp\/v2\/users\/3"}],"replies":[{"embeddable":true,"href":"https:\/\/vocesdebaires.com.ar\/index.php\/wp-json\/wp\/v2\/comments?post=55915"}],"version-history":[{"count":1,"href":"https:\/\/vocesdebaires.com.ar\/index.php\/wp-json\/wp\/v2\/posts\/55915\/revisions"}],"predecessor-version":[{"id":55917,"href":"https:\/\/vocesdebaires.com.ar\/index.php\/wp-json\/wp\/v2\/posts\/55915\/revisions\/55917"}],"wp:featuredmedia":[{"embeddable":true,"href":"https:\/\/vocesdebaires.com.ar\/index.php\/wp-json\/wp\/v2\/media\/55916"}],"wp:attachment":[{"href":"https:\/\/vocesdebaires.com.ar\/index.php\/wp-json\/wp\/v2\/media?parent=55915"}],"wp:term":[{"taxonomy":"category","embeddable":true,"href":"https:\/\/vocesdebaires.com.ar\/index.php\/wp-json\/wp\/v2\/categories?post=55915"},{"taxonomy":"post_tag","embeddable":true,"href":"https:\/\/vocesdebaires.com.ar\/index.php\/wp-json\/wp\/v2\/tags?post=55915"}],"curies":[{"name":"wp","href":"https:\/\/api.w.org\/{rel}","templated":true}]}}