{"id":55918,"date":"2026-04-30T13:13:21","date_gmt":"2026-04-30T16:13:21","guid":{"rendered":"https:\/\/vocesdebaires.com.ar\/?p=55918"},"modified":"2026-04-30T13:37:47","modified_gmt":"2026-04-30T16:37:47","slug":"los-pumashomenajeados-por-el-60-aniversario-de-su-denominacion","status":"publish","type":"post","link":"https:\/\/vocesdebaires.com.ar\/index.php\/2026\/04\/30\/los-pumashomenajeados-por-el-60-aniversario-de-su-denominacion\/","title":{"rendered":"Los Pumas:Homenajeados por el 60\u00b0 aniversario de su denominaci\u00f3n"},"content":{"rendered":"<p>La Legislatura de la Ciudad de Buenos Aires homenaje\u00f3 al Seleccionado Argentino de Rugby, conocido popularmente como Los Pumas, y a 60 a\u00f1os de dicha denominaci\u00f3n. El acto se realiz\u00f3 en el Sal\u00f3n Dorado y estuvo encabezado por el legislador y autor del proyecto, Pablo Donati. Tambi\u00e9n participaron los ex rugbiers Francisco \u201cCoco\u201d Benzi y Juan Mart\u00edn Fern\u00e1ndez Lobbe; el Presidente de la Uni\u00f3n Argentina de Rugby, F\u00e9lix P\u00e1ez Molina; y el secretario de Deportes de la Ciudad de Buenos Aires, Fabi\u00e1n Turnes.<\/p>\n<p>\u201cHablar de los Pumas no es sin m\u00e1s, es simplemente hablar de un equipo de rugby. Es hablar de una historia que se escribe con esfuerzo y con una genuina vocaci\u00f3n y orgullo de representar a la Argentina en cada rinc\u00f3n del mundo\u201d, destac\u00f3 Donati en el inicio de las exposiciones. Y remarc\u00f3 que ser puma implica \u201crepresentar una tradici\u00f3n de entrega, de humildad en la victoria y de dignidad en la adversidad\u201d.<\/p>\n<p>Luego, Benzi \u2013quien form\u00f3 parte de aquel primer equipo-, record\u00f3 c\u00f3mo surgi\u00f3 el nombre caracter\u00edstico y la hist\u00f3rica traves\u00eda en el continente africano. \u201cRepresento a veintis\u00e9is compa\u00f1eros y hoy por hoy casi hermanos, de haber hecho una gira que nos sirvi\u00f3 para unirnos para siempre. En alg\u00fan momento vamos a ser los veintis\u00e9is en alg\u00fan lugar, y vamos a entrar a la cancha a jugar todos los partidos que nos faltan todav\u00eda\u201d, enfatiz\u00f3.<\/p>\n<p>A su vez, el Jefe de Gobierno de la Ciudad de Buenos Aires, Jorge Macri, envi\u00f3 una carta de adhesi\u00f3n, donde recalc\u00f3 que aquel combinado \u201cno solo fue un hito estad\u00edstico, fue el punto de partida de una m\u00edstica\u201d. Y que sentaron las bases de una identidad que hoy nos distingue en todo el mundo. Por \u00faltimo, Fern\u00e1ndez Lobbe remarc\u00f3 la importancia de defender la camiseta nacional: \u201cJugar en la selecci\u00f3n argentina pas\u00f3 a ser a jugar en los Pumas, y jugar en los Pumas es jugar por algo m\u00e1s. Te genera algo especial. Uno puede tener la suerte de estar en los Pumas, pero sabiendo que siempre cuando uno entra, lo \u00fanico que tiene que hacer es tratar de dejar la camiseta un poco mejor\u201d.<\/p>\n<p>En el a\u00f1o 1965, el seleccionado argentino de rugby realiz\u00f3 una gira por Sud\u00e1frica que marcar\u00eda un hito en la historia del deporte nacional. El 19 de junio de ese a\u00f1o, en el estadio Ellis Park, Los Pumas vencieron a los Junior Springboks por 11 a 6, en una haza\u00f1a que conmovi\u00f3 al mundo deportivo y dio inicio a una nueva etapa para el rugby argentino.<\/p>\n<p>En esa ocasi\u00f3n, un periodista confundi\u00f3 la figura del yaguaret\u00e9 que portaba la camiseta argentina con la de un puma, y de all\u00ed surgi\u00f3 el nombre con el que desde entonces se identifica al equipo: Los Pumas. Ese apodo se transform\u00f3 en un s\u00edmbolo de esfuerzo, coraje y orgullo para nuestro pa\u00eds, trascendiendo el \u00e1mbito deportivo para instalarse en el imaginario cultural argentino. A lo largo de las d\u00e9cadas, Los Pumas han llevado la bandera celeste y blanca por los principales estadios del mundo, consiguiendo triunfos memorables y transmitiendo los valores del trabajo en equipo, la disciplina, la humildad y la pasi\u00f3n.<\/p>\n","protected":false},"excerpt":{"rendered":"<p>La Legislatura de la Ciudad de Buenos Aires homenaje\u00f3 al Seleccionado Argentino de Rugby, conocido popularmente como Los Pumas, y a 60 a\u00f1os de dicha denominaci\u00f3n. El acto se realiz\u00f3 en el Sal\u00f3n Dorado y estuvo encabezado por el legislador y autor del proyecto, Pablo Donati. Tambi\u00e9n participaron los ex rugbiers Francisco \u201cCoco\u201d Benzi y [&hellip;]<\/p>\n","protected":false},"author":3,"featured_media":55919,"comment_status":"open","ping_status":"open","sticky":false,"template":"","format":"standard","meta":{"_et_pb_use_builder":"","_et_pb_old_content":"","_et_gb_content_width":"","footnotes":""},"categories":[11,1],"tags":[],"class_list":["post-55918","post","type-post","status-publish","format-standard","has-post-thumbnail","hentry","category-ciudad","category-sin-categoria"],"_links":{"self":[{"href":"https:\/\/vocesdebaires.com.ar\/index.php\/wp-json\/wp\/v2\/posts\/55918"}],"collection":[{"href":"https:\/\/vocesdebaires.com.ar\/index.php\/wp-json\/wp\/v2\/posts"}],"about":[{"href":"https:\/\/vocesdebaires.com.ar\/index.php\/wp-json\/wp\/v2\/types\/post"}],"author":[{"embeddable":true,"href":"https:\/\/vocesdebaires.com.ar\/index.php\/wp-json\/wp\/v2\/users\/3"}],"replies":[{"embeddable":true,"href":"https:\/\/vocesdebaires.com.ar\/index.php\/wp-json\/wp\/v2\/comments?post=55918"}],"version-history":[{"count":1,"href":"https:\/\/vocesdebaires.com.ar\/index.php\/wp-json\/wp\/v2\/posts\/55918\/revisions"}],"predecessor-version":[{"id":55921,"href":"https:\/\/vocesdebaires.com.ar\/index.php\/wp-json\/wp\/v2\/posts\/55918\/revisions\/55921"}],"wp:featuredmedia":[{"embeddable":true,"href":"https:\/\/vocesdebaires.com.ar\/index.php\/wp-json\/wp\/v2\/media\/55919"}],"wp:attachment":[{"href":"https:\/\/vocesdebaires.com.ar\/index.php\/wp-json\/wp\/v2\/media?parent=55918"}],"wp:term":[{"taxonomy":"category","embeddable":true,"href":"https:\/\/vocesdebaires.com.ar\/index.php\/wp-json\/wp\/v2\/categories?post=55918"},{"taxonomy":"post_tag","embeddable":true,"href":"https:\/\/vocesdebaires.com.ar\/index.php\/wp-json\/wp\/v2\/tags?post=55918"}],"curies":[{"name":"wp","href":"https:\/\/api.w.org\/{rel}","templated":true}]}}