{"id":55927,"date":"2026-04-30T13:25:46","date_gmt":"2026-04-30T16:25:46","guid":{"rendered":"https:\/\/vocesdebaires.com.ar\/?p=55927"},"modified":"2026-04-30T13:25:46","modified_gmt":"2026-04-30T16:25:46","slug":"en-la-ciudaddebate-del-proyecto-de-modificacion-de-la-ley-de-salud-mental","status":"publish","type":"post","link":"https:\/\/vocesdebaires.com.ar\/index.php\/2026\/04\/30\/en-la-ciudaddebate-del-proyecto-de-modificacion-de-la-ley-de-salud-mental\/","title":{"rendered":"En la ciudad:Debate del proyecto de modificaci\u00f3n de la Ley de Salud Mental"},"content":{"rendered":"<p>La presidente de la Comisi\u00f3n de Legislaci\u00f3n General del Senado, Nadia M\u00e1rquez, encabez\u00f3 el inicio del debate del proyecto enviado por el Ejecutivo de modificaci\u00f3n de la Ley de Salud Mental, en un plenario conjunto con la Comisi\u00f3n de Salud, marcando el comienzo de una discusi\u00f3n largamente esperada por miles de familias argentinas. \u201cEstamos dando un paso fundamental. Este debate responde a una realidad que vemos todos los d\u00edas: familias que no encuentran respuestas en la ley actual. Queremos una normativa que acompa\u00f1e, que intervenga a tiempo y que no abandone\u201d, expres\u00f3 la senadora neuquina.<\/p>\n<p>Uno de los cambios centrales del proyecto es la modificaci\u00f3n del criterio de intervenci\u00f3n. En ese sentido, la directora nacional de Abordaje Integral de Salud Mental, Liliana Gonz\u00e1lez, explic\u00f3: \u201cProponemos reemplazar el t\u00e9rmino \u2018riesgo cierto inminente\u2019 por la categor\u00eda \u2018situaci\u00f3n de riesgo grave de da\u00f1o para la vida o la integridad psicof\u00edsica de la persona o de terceros\u2019\u201d.<\/p>\n<p>M\u00e1rquez destac\u00f3 la relevancia de este cambio: \u201cNo es un maquillaje ni un cambio de palabras, es un cambio de paradigma. No podemos seguir esperando a que el da\u00f1o sea inminente. Cuando llegamos a ese punto, muchas veces ya es tarde\u201d.La funcionaria nacional tambi\u00e9n subray\u00f3 que la iniciativa surge de un proceso de escucha: \u201cHemos escuchado much\u00edsimo en estos a\u00f1os y, a partir de esa experiencia, pensamos cambios que tienen que ver con c\u00f3mo abordar cl\u00ednicamente al paciente\u201d.<\/p>\n<p>En esa l\u00ednea, M\u00e1rquez remarc\u00f3 el rol de las palabras en la pol\u00edtica p\u00fablica: \u201cLas palabras tienen poder porque definen. No es lo mismo hablar de \u2018consumo social\u2019 que de uso, abuso o adicci\u00f3n. Estamos hablando de enfermedades, y la ley debe reflejarlo con claridad\u201d.Asimismo, la senadora M\u00e1rquez puso el foco en la necesidad de anticiparse: \u201cValoro que el proyecto no se quede en la foto del presente, sino que contemple los antecedentes y la evoluci\u00f3n previsible de la persona. Actuar a tiempo en salud mental no es una opci\u00f3n, es una necesidad\u201d.Durante su intervenci\u00f3n, tambi\u00e9n advirti\u00f3 sobre las dificultades actuales:<\/p>\n<p>\u201cHoy las familias no saben qu\u00e9 hacer. Lograr una internaci\u00f3n involuntaria es extremadamente complejo, tanto por los requisitos como por los costos. La demanda existe, lo que falta es una respuesta\u201d. Finalmente, M\u00e1rquez dej\u00f3 un mensaje a la sociedad: \u201cNadie debe avergonzarse de pedir ayuda. As\u00ed como acudimos a un m\u00e9dico ante una lesi\u00f3n f\u00edsica debemos hacerlo cuando nuestra salud mental lo necesita. Con esta reforma, queremos que acceder a esa ayuda sea m\u00e1s f\u00e1cil y sin obst\u00e1culos\u201d. El proyecto continuar\u00e1 su tratamiento en comisi\u00f3n con el objetivo de avanzar hacia una ley actualizada, que responda a las necesidades reales de los argentinos y coloque a la salud mental como una verdadera pol\u00edtica de Estado.<\/p>\n","protected":false},"excerpt":{"rendered":"<p>La presidente de la Comisi\u00f3n de Legislaci\u00f3n General del Senado, Nadia M\u00e1rquez, encabez\u00f3 el inicio del debate del proyecto enviado por el Ejecutivo de modificaci\u00f3n de la Ley de Salud Mental, en un plenario conjunto con la Comisi\u00f3n de Salud, marcando el comienzo de una discusi\u00f3n largamente esperada por miles de familias argentinas. \u201cEstamos dando [&hellip;]<\/p>\n","protected":false},"author":2,"featured_media":55928,"comment_status":"open","ping_status":"open","sticky":false,"template":"","format":"standard","meta":{"_et_pb_use_builder":"","_et_pb_old_content":"","_et_gb_content_width":"","footnotes":""},"categories":[12,34],"tags":[],"class_list":["post-55927","post","type-post","status-publish","format-standard","has-post-thumbnail","hentry","category-nacion","category-politica"],"_links":{"self":[{"href":"https:\/\/vocesdebaires.com.ar\/index.php\/wp-json\/wp\/v2\/posts\/55927"}],"collection":[{"href":"https:\/\/vocesdebaires.com.ar\/index.php\/wp-json\/wp\/v2\/posts"}],"about":[{"href":"https:\/\/vocesdebaires.com.ar\/index.php\/wp-json\/wp\/v2\/types\/post"}],"author":[{"embeddable":true,"href":"https:\/\/vocesdebaires.com.ar\/index.php\/wp-json\/wp\/v2\/users\/2"}],"replies":[{"embeddable":true,"href":"https:\/\/vocesdebaires.com.ar\/index.php\/wp-json\/wp\/v2\/comments?post=55927"}],"version-history":[{"count":1,"href":"https:\/\/vocesdebaires.com.ar\/index.php\/wp-json\/wp\/v2\/posts\/55927\/revisions"}],"predecessor-version":[{"id":55929,"href":"https:\/\/vocesdebaires.com.ar\/index.php\/wp-json\/wp\/v2\/posts\/55927\/revisions\/55929"}],"wp:featuredmedia":[{"embeddable":true,"href":"https:\/\/vocesdebaires.com.ar\/index.php\/wp-json\/wp\/v2\/media\/55928"}],"wp:attachment":[{"href":"https:\/\/vocesdebaires.com.ar\/index.php\/wp-json\/wp\/v2\/media?parent=55927"}],"wp:term":[{"taxonomy":"category","embeddable":true,"href":"https:\/\/vocesdebaires.com.ar\/index.php\/wp-json\/wp\/v2\/categories?post=55927"},{"taxonomy":"post_tag","embeddable":true,"href":"https:\/\/vocesdebaires.com.ar\/index.php\/wp-json\/wp\/v2\/tags?post=55927"}],"curies":[{"name":"wp","href":"https:\/\/api.w.org\/{rel}","templated":true}]}}