{"id":55930,"date":"2026-04-30T13:30:25","date_gmt":"2026-04-30T16:30:25","guid":{"rendered":"https:\/\/vocesdebaires.com.ar\/?p=55930"},"modified":"2026-04-30T13:31:04","modified_gmt":"2026-04-30T16:31:04","slug":"la-ciudad-cerro-un-taller-clandestino-en-una-casa-usurpada","status":"publish","type":"post","link":"https:\/\/vocesdebaires.com.ar\/index.php\/2026\/04\/30\/la-ciudad-cerro-un-taller-clandestino-en-una-casa-usurpada\/","title":{"rendered":"La Ciudad cerr\u00f3 un taller clandestino en una casa usurpada"},"content":{"rendered":"<p>La Ciudad recuper\u00f3 una propiedad usurpada donde funcionaba un taller textil clandestino en Parque Chas, tras un operativo de la Polic\u00eda porte\u00f1a. Hab\u00eda menores que trabajaban en el lugar, y un inmigrante ilegal fue detenido y ser\u00e1 echado del pa\u00eds. El procedimiento fue ordenado por la Unidad de Flagrancia Norte a cargo de la fiscal Mar\u00eda Andrea Caleri, ya que el lugar ten\u00eda una clausura por riesgo edilicio de la Agencia Gubernamental de Control (AGC).<\/p>\n<p>El ph de Barzana 1236, a una cuadra y media de la avenida De los Constituyentes, estuvo usurpado por m\u00e1s de 15 a\u00f1os y los oficiales debieron ingresar por la fuerza, ya que los okupas, algunos de ellos de nacionalidad boliviana, se negaban a abrirles. En la planta baja hab\u00edan montado un taller textil clandestino y en la terraza construyeron viviendas precarias sin permiso de obra. \u201cEsto es lo que protegen los defensores de okupas. Una casa usurpada por 15 a\u00f1os y adentro 17 menores explotados por extranjeros en un taller textil clandestino.<\/p>\n<p>Rescatamos a los chicos y el inmigrante ilegal ser\u00e1 expulsado del pa\u00eds. Ley y orden \u201d, sostuvo el Jefe de Gobierno, Jorge Macri. Autoridades del Consejo de los Derechos de Ni\u00f1as, Ni\u00f1os y Adolescentes comprobaron que hab\u00eda menores que trabajaban all\u00ed. Se le dio intervenci\u00f3n tambi\u00e9n a la Direcci\u00f3n de Migraciones y result\u00f3 que all\u00ed viv\u00eda un inmigrante boliviano que ten\u00eda orden de detenci\u00f3n por pedido del Juzgado Nacional Contencioso Administrativo Federal 7, a cargo de Lara Correa. Le hab\u00edan cancelado la residencia a fines de 2022.<\/p>\n<p>El Jefe de Gobierno agreg\u00f3: \u201cEn torno a una vivienda ocupada ocurren muchas cosas malas. Hay narcomenudeo, mucho delito que se oculta. Lo que arranca mal termina peor. Est\u00e1 el que sale y roba, o aprieta como trapito; hay derechos de ni\u00f1os vulnerados, hay trata. Y hay gente buena que paga un alquiler de buena fe por un lugar invivible. Si alguien cree que eso es libertad, no entendi\u00f3 nada\u201d.<\/p>\n<p>En poco m\u00e1s de dos a\u00f1os fueron desalojados ex hoteles tomados donde se vend\u00edan drogas y se refugiaban tratantes de personas en Constituci\u00f3n, San Telmo y Flores. Hay propiedades recuperadas que se convirtieron en centros de inclusi\u00f3n familiar, como el Hotel \u201cSol y Luna\u201d de Balvanera, o en comercios, como fue el caso de Fulvio Arrigoni, due\u00f1o de una popular cantina en La Boca y que, tras la restituci\u00f3n de un inmueble tomado, pudo ampliar su restaurante.<\/p>\n<p><strong>Fotos GCBA<\/strong><\/p>\n","protected":false},"excerpt":{"rendered":"<p>La Ciudad recuper\u00f3 una propiedad usurpada donde funcionaba un taller textil clandestino en Parque Chas, tras un operativo de la Polic\u00eda porte\u00f1a. Hab\u00eda menores que trabajaban en el lugar, y un inmigrante ilegal fue detenido y ser\u00e1 echado del pa\u00eds. El procedimiento fue ordenado por la Unidad de Flagrancia Norte a cargo de la fiscal [&hellip;]<\/p>\n","protected":false},"author":2,"featured_media":55931,"comment_status":"open","ping_status":"open","sticky":false,"template":"","format":"standard","meta":{"_et_pb_use_builder":"","_et_pb_old_content":"","_et_gb_content_width":"","footnotes":""},"categories":[11,32],"tags":[],"class_list":["post-55930","post","type-post","status-publish","format-standard","has-post-thumbnail","hentry","category-ciudad","category-comunas"],"_links":{"self":[{"href":"https:\/\/vocesdebaires.com.ar\/index.php\/wp-json\/wp\/v2\/posts\/55930"}],"collection":[{"href":"https:\/\/vocesdebaires.com.ar\/index.php\/wp-json\/wp\/v2\/posts"}],"about":[{"href":"https:\/\/vocesdebaires.com.ar\/index.php\/wp-json\/wp\/v2\/types\/post"}],"author":[{"embeddable":true,"href":"https:\/\/vocesdebaires.com.ar\/index.php\/wp-json\/wp\/v2\/users\/2"}],"replies":[{"embeddable":true,"href":"https:\/\/vocesdebaires.com.ar\/index.php\/wp-json\/wp\/v2\/comments?post=55930"}],"version-history":[{"count":1,"href":"https:\/\/vocesdebaires.com.ar\/index.php\/wp-json\/wp\/v2\/posts\/55930\/revisions"}],"predecessor-version":[{"id":55932,"href":"https:\/\/vocesdebaires.com.ar\/index.php\/wp-json\/wp\/v2\/posts\/55930\/revisions\/55932"}],"wp:featuredmedia":[{"embeddable":true,"href":"https:\/\/vocesdebaires.com.ar\/index.php\/wp-json\/wp\/v2\/media\/55931"}],"wp:attachment":[{"href":"https:\/\/vocesdebaires.com.ar\/index.php\/wp-json\/wp\/v2\/media?parent=55930"}],"wp:term":[{"taxonomy":"category","embeddable":true,"href":"https:\/\/vocesdebaires.com.ar\/index.php\/wp-json\/wp\/v2\/categories?post=55930"},{"taxonomy":"post_tag","embeddable":true,"href":"https:\/\/vocesdebaires.com.ar\/index.php\/wp-json\/wp\/v2\/tags?post=55930"}],"curies":[{"name":"wp","href":"https:\/\/api.w.org\/{rel}","templated":true}]}}