{"id":55933,"date":"2026-04-30T13:36:23","date_gmt":"2026-04-30T16:36:23","guid":{"rendered":"https:\/\/vocesdebaires.com.ar\/?p=55933"},"modified":"2026-04-30T13:36:23","modified_gmt":"2026-04-30T16:36:23","slug":"hospital-fernandezavanzan-las-obras-de-ampliacion-de-la-guardia","status":"publish","type":"post","link":"https:\/\/vocesdebaires.com.ar\/index.php\/2026\/04\/30\/hospital-fernandezavanzan-las-obras-de-ampliacion-de-la-guardia\/","title":{"rendered":"Hospital Fern\u00e1ndez:Avanzan las obras de ampliaci\u00f3n de la guardia"},"content":{"rendered":"<p>El Hospital Fern\u00e1ndez avanza con una obra estrat\u00e9gica que transformar\u00e1 dos \u00e1reas clave para la atenci\u00f3n diaria: la guardia y los consultorios externos. Se trata de una intervenci\u00f3n integral que busca dar respuesta a la creciente demanda, mejorar la accesibilidad a los servicios y optimizar tanto la experiencia de los pacientes como las condiciones de trabajo de los equipos de salud. En el sector ambulatorio, los trabajos se enfocan en reorganizar y refuncionalizar los espacios existentes para aumentar la capacidad de atenci\u00f3n y ampliar la oferta de turnos.<\/p>\n<p>La propuesta incluye nuevos consultorios para distintas especialidades como toxicolog\u00eda, infectolog\u00eda, dermatolog\u00eda y alergia, as\u00ed como tambi\u00e9n \u00e1reas de jefaturas, salas de reuni\u00f3n y estares flexibles que permiten una din\u00e1mica de trabajo m\u00e1s ordenada y eficiente. A su vez, se incorpora el Hospital de D\u00eda dentro de este esquema, fortaleciendo la atenci\u00f3n programada y el seguimiento de pacientes.<\/p>\n<p>En paralelo, la obra de la guardia introduce cambios sustanciales en su funcionamiento. Uno de los m\u00e1s importantes es la reorganizaci\u00f3n de los accesos: el ingreso de ambulancias se separa del acceso ambulatorio, lo que permitir\u00e1 ordenar la circulaci\u00f3n interna y agilizar la atenci\u00f3n desde el primer momento. Esta mejora tiene un impacto directo en los tiempos de respuesta y en la seguridad de pacientes y equipos de salud.<\/p>\n<p>La ampliaci\u00f3n suma nuevos espacios y aumenta la capacidad operativa del servicio. El proyecto contempla diez consultorios m\u00e9dicos, un \u00e1rea de triage, un sector de infusiones con tres puestos, seis posiciones de observaci\u00f3n para pacientes cr\u00edticos, dos habitaciones de aislamiento y espacios espec\u00edficos para salud mental, con dos habitaciones privadas. Adem\u00e1s, se incorporan \u00e1reas de enfermer\u00eda, un sector de traumatolog\u00eda y distintos espacios de apoyo que permiten un funcionamiento m\u00e1s integrado.<\/p>\n<p>Tambi\u00e9n se prev\u00e9 la incorporaci\u00f3n de dormitorios para el personal de guardia, una mejora significativa en t\u00e9rminos de condiciones laborales para quienes sostienen la atenci\u00f3n las 24 horas. Con una superficie total de intervenci\u00f3n de 3.223,90 m\u00b2, esta obra representa un paso importante en el proceso de modernizaci\u00f3n del hospital. En conjunto, las mejoras permitir\u00e1n una atenci\u00f3n m\u00e1s \u00e1gil, ordenada y confortable, fortaleciendo la capacidad de respuesta del sistema de salud p\u00fablico y acompa\u00f1ando el trabajo cotidiano de sus equipos.<\/p>\n","protected":false},"excerpt":{"rendered":"<p>El Hospital Fern\u00e1ndez avanza con una obra estrat\u00e9gica que transformar\u00e1 dos \u00e1reas clave para la atenci\u00f3n diaria: la guardia y los consultorios externos. Se trata de una intervenci\u00f3n integral que busca dar respuesta a la creciente demanda, mejorar la accesibilidad a los servicios y optimizar tanto la experiencia de los pacientes como las condiciones de [&hellip;]<\/p>\n","protected":false},"author":2,"featured_media":55934,"comment_status":"open","ping_status":"open","sticky":false,"template":"","format":"standard","meta":{"_et_pb_use_builder":"","_et_pb_old_content":"","_et_gb_content_width":"","footnotes":""},"categories":[11,33],"tags":[],"class_list":["post-55933","post","type-post","status-publish","format-standard","has-post-thumbnail","hentry","category-ciudad","category-sociedad-y-cultura-2"],"_links":{"self":[{"href":"https:\/\/vocesdebaires.com.ar\/index.php\/wp-json\/wp\/v2\/posts\/55933"}],"collection":[{"href":"https:\/\/vocesdebaires.com.ar\/index.php\/wp-json\/wp\/v2\/posts"}],"about":[{"href":"https:\/\/vocesdebaires.com.ar\/index.php\/wp-json\/wp\/v2\/types\/post"}],"author":[{"embeddable":true,"href":"https:\/\/vocesdebaires.com.ar\/index.php\/wp-json\/wp\/v2\/users\/2"}],"replies":[{"embeddable":true,"href":"https:\/\/vocesdebaires.com.ar\/index.php\/wp-json\/wp\/v2\/comments?post=55933"}],"version-history":[{"count":1,"href":"https:\/\/vocesdebaires.com.ar\/index.php\/wp-json\/wp\/v2\/posts\/55933\/revisions"}],"predecessor-version":[{"id":55935,"href":"https:\/\/vocesdebaires.com.ar\/index.php\/wp-json\/wp\/v2\/posts\/55933\/revisions\/55935"}],"wp:featuredmedia":[{"embeddable":true,"href":"https:\/\/vocesdebaires.com.ar\/index.php\/wp-json\/wp\/v2\/media\/55934"}],"wp:attachment":[{"href":"https:\/\/vocesdebaires.com.ar\/index.php\/wp-json\/wp\/v2\/media?parent=55933"}],"wp:term":[{"taxonomy":"category","embeddable":true,"href":"https:\/\/vocesdebaires.com.ar\/index.php\/wp-json\/wp\/v2\/categories?post=55933"},{"taxonomy":"post_tag","embeddable":true,"href":"https:\/\/vocesdebaires.com.ar\/index.php\/wp-json\/wp\/v2\/tags?post=55933"}],"curies":[{"name":"wp","href":"https:\/\/api.w.org\/{rel}","templated":true}]}}