{"id":564,"date":"2021-01-28T03:00:00","date_gmt":"2021-01-28T06:00:00","guid":{"rendered":"http:\/\/vocesdebaires.com.ar\/wordpress\/index.php\/2021\/01\/28\/conmemoracion-de-las-victimas-del-holocausto\/"},"modified":"2021-01-28T03:00:00","modified_gmt":"2021-01-28T06:00:00","slug":"conmemoracion-de-las-victimas-del-holocausto","status":"publish","type":"post","link":"https:\/\/vocesdebaires.com.ar\/index.php\/2021\/01\/28\/conmemoracion-de-las-victimas-del-holocausto\/","title":{"rendered":"Conmemoraci\u00f3n de las V\u00edctimas del Holocausto"},"content":{"rendered":"<p>El 27 de enero de 1945, tropas del Ej\u00e9rcito Rojo ingresaron al campo de exterminio m\u00e1s importante que construyeron los nazis destinado a ejecutar la \u201cSoluci\u00f3n Final\u201d del pueblo jud\u00edo durante la Segunda Guerra Mundial: Auschwitz-Birkenau. Sesenta a\u00f1os despu\u00e9s, las Naciones Unidas establecieron que ese d\u00eda de cada a\u00f1o sea designado el \u201cD\u00eda Internacional de Conmemoraci\u00f3n Anual en Memoria de las V\u00edctimas del Holocausto\u201d, mediante la Resoluci\u00f3n 60\/7 aprobada en la 42\u00aa sesi\u00f3n plenaria de la Asamblea General, el 1\u00ba de noviembre de 2005. Auschwitz-Birkenau, ubicado en territorio polaco, 43 kil\u00f3metros al oeste de Cracovia, era un complejo integrado por tres grandes unidades principales y 39 campos subalternos.<\/p>\n<p>Los principales eran Auschwitz I, el campo de concentraci\u00f3n original, que serv\u00eda de centro administrativo de todo el complejo y en cuya entrada estaba colocado el conocido cartel que dec\u00eda \u201cArbeit macht frei\u201d (el trabajo libera)\u201d; Auschwitz II, Birkenau; y Auschwitz III, Buna-Monowitz; cuya direcci\u00f3n estaba en manos de las SS. Fundado en mayo de 1940 como campo de trabajo por disposici\u00f3n de Heinrich Himmler, en septiembre de 1941 se realizaron en el Bloque 11 pruebas con el gas Zyklon B, destinadas a perfeccionar el exterminio de prisioneros, cuyo \u00e9xito hizo que se construyeran una c\u00e1mara de gas, utilizada hasta 1942, y un crematorio.<\/p>\n<p>La Resoluci\u00f3n 60\/7 de la ONU est\u00e1 integrada por 6 art\u00edculos que no solo establecen la fecha de recordaci\u00f3n, sino que tambi\u00e9n rechazan la negaci\u00f3n de la Sho\u00e1 y reconocen que durante la misma fue exterminado un tercio del pueblo jud\u00edo, a la vez que se dirigen a los Estados miembros para que elaboren programas educativos destinados a las futuras generaciones, para que sepan lo que fue el Holocausto, preserven los lugares hist\u00f3ricos en los que funcionaron los campos de trabajo y exterminio y tambi\u00e9n condenen las manifestaciones de intolerancia y discriminaci\u00f3n por motivos religiosos y \u00e9tnicos. A partir de enero de 2005, muchos de los pa\u00edses integrantes de las Naciones Unidas -entre ellos, la Argentina- efect\u00faan anualmente actos conmemorativos este d\u00eda, a la vez que la Secretar\u00eda General del organismo internacional desarrolla un amplio programa en Nueva York y sus inmediaciones, que incluye el mensaje de su titular y un amplio programa educativo.<\/p>\n","protected":false},"excerpt":{"rendered":"<p>El 27 de enero de 1945, tropas del Ej\u00e9rcito Rojo ingresaron al campo de exterminio m\u00e1s importante que construyeron los nazis destinado a ejecutar la \u201cSoluci\u00f3n Final\u201d del pueblo jud\u00edo durante la Segunda Guerra Mundial: Auschwitz-Birkenau. Sesenta a\u00f1os despu\u00e9s, las Naciones Unidas establecieron que ese d\u00eda de cada a\u00f1o sea designado el \u201cD\u00eda Internacional de [&hellip;]<\/p>\n","protected":false},"author":1,"featured_media":565,"comment_status":"open","ping_status":"open","sticky":false,"template":"","format":"standard","meta":{"_et_pb_use_builder":"","_et_pb_old_content":"","_et_gb_content_width":"","footnotes":""},"categories":[11,33],"tags":[],"class_list":["post-564","post","type-post","status-publish","format-standard","has-post-thumbnail","hentry","category-ciudad","category-sociedad-y-cultura-2"],"_links":{"self":[{"href":"https:\/\/vocesdebaires.com.ar\/index.php\/wp-json\/wp\/v2\/posts\/564"}],"collection":[{"href":"https:\/\/vocesdebaires.com.ar\/index.php\/wp-json\/wp\/v2\/posts"}],"about":[{"href":"https:\/\/vocesdebaires.com.ar\/index.php\/wp-json\/wp\/v2\/types\/post"}],"author":[{"embeddable":true,"href":"https:\/\/vocesdebaires.com.ar\/index.php\/wp-json\/wp\/v2\/users\/1"}],"replies":[{"embeddable":true,"href":"https:\/\/vocesdebaires.com.ar\/index.php\/wp-json\/wp\/v2\/comments?post=564"}],"version-history":[{"count":0,"href":"https:\/\/vocesdebaires.com.ar\/index.php\/wp-json\/wp\/v2\/posts\/564\/revisions"}],"wp:featuredmedia":[{"embeddable":true,"href":"https:\/\/vocesdebaires.com.ar\/index.php\/wp-json\/wp\/v2\/media\/565"}],"wp:attachment":[{"href":"https:\/\/vocesdebaires.com.ar\/index.php\/wp-json\/wp\/v2\/media?parent=564"}],"wp:term":[{"taxonomy":"category","embeddable":true,"href":"https:\/\/vocesdebaires.com.ar\/index.php\/wp-json\/wp\/v2\/categories?post=564"},{"taxonomy":"post_tag","embeddable":true,"href":"https:\/\/vocesdebaires.com.ar\/index.php\/wp-json\/wp\/v2\/tags?post=564"}],"curies":[{"name":"wp","href":"https:\/\/api.w.org\/{rel}","templated":true}]}}