{"id":5653,"date":"2019-04-17T03:00:00","date_gmt":"2019-04-17T06:00:00","guid":{"rendered":"http:\/\/vocesdebaires.com.ar\/wordpress\/index.php\/2019\/04\/17\/persecucion-a-delincuente-que-fue-apresado\/"},"modified":"2019-04-17T03:00:00","modified_gmt":"2019-04-17T06:00:00","slug":"persecucion-a-delincuente-que-fue-apresado","status":"publish","type":"post","link":"https:\/\/vocesdebaires.com.ar\/index.php\/2019\/04\/17\/persecucion-a-delincuente-que-fue-apresado\/","title":{"rendered":"Persecuci\u00f3n a delincuente que fue apresado"},"content":{"rendered":"<p>Personal de la Comisar\u00eda Vecinal 1B de la Polic\u00eda de la Ciudad fue desplazado por el 911 a un local de comida ubicado en Avenida de Mayo al 1200, debido a que un hombre armado hab\u00eda ingresado a robar. Al llegar al lugar los oficiales se entrevistaron con los vecinos, quienes confirmaron el hecho. Tomando las precauciones del caso, los efectivos entraron al restaurante y el ladr\u00f3n al notar la presencia policial huy\u00f3 r\u00e1pidamente.A una cuadra del comercio, en la calle Hip\u00f3lito Irigoyen al 1200, el personal de la Polic\u00eda de la Ciudad logr\u00f3 interceptar al delincuente, quien opuso resistencia, por lo que usando la menor fuerza posible fue reducido y apresado.<\/p>\n<p>En presencia de dos testigos, el malviviente fue requisado encontrando entre sus ropas una pistola 9 mm Bersa Thunder con municiones, documentos de una de las damnificadas, una billetera, dinero en efectivo, un celular y un reloj. El imputado de 43 a\u00f1os fue llevado a la dependencia de la Polic\u00eda de la Ciudad correspondiente y la causa recay\u00f3 en el Juzgado Criminal y Correccional N\u00b037 a cargo de la Dra. Silvia Ramond quien adopt\u00f3 tr\u00e1mite de flagrancia.<\/p>\n","protected":false},"excerpt":{"rendered":"<p>Personal de la Comisar\u00eda Vecinal 1B de la Polic\u00eda de la Ciudad fue desplazado por el 911 a un local de comida ubicado en Avenida de Mayo al 1200, debido a que un hombre armado hab\u00eda ingresado a robar. Al llegar al lugar los oficiales se entrevistaron con los vecinos, quienes confirmaron el hecho. Tomando [&hellip;]<\/p>\n","protected":false},"author":1,"featured_media":5654,"comment_status":"open","ping_status":"open","sticky":false,"template":"","format":"standard","meta":{"_et_pb_use_builder":"","_et_pb_old_content":"","_et_gb_content_width":"","footnotes":""},"categories":[11,33],"tags":[],"class_list":["post-5653","post","type-post","status-publish","format-standard","has-post-thumbnail","hentry","category-ciudad","category-sociedad-y-cultura-2"],"_links":{"self":[{"href":"https:\/\/vocesdebaires.com.ar\/index.php\/wp-json\/wp\/v2\/posts\/5653"}],"collection":[{"href":"https:\/\/vocesdebaires.com.ar\/index.php\/wp-json\/wp\/v2\/posts"}],"about":[{"href":"https:\/\/vocesdebaires.com.ar\/index.php\/wp-json\/wp\/v2\/types\/post"}],"author":[{"embeddable":true,"href":"https:\/\/vocesdebaires.com.ar\/index.php\/wp-json\/wp\/v2\/users\/1"}],"replies":[{"embeddable":true,"href":"https:\/\/vocesdebaires.com.ar\/index.php\/wp-json\/wp\/v2\/comments?post=5653"}],"version-history":[{"count":0,"href":"https:\/\/vocesdebaires.com.ar\/index.php\/wp-json\/wp\/v2\/posts\/5653\/revisions"}],"wp:featuredmedia":[{"embeddable":true,"href":"https:\/\/vocesdebaires.com.ar\/index.php\/wp-json\/wp\/v2\/media\/5654"}],"wp:attachment":[{"href":"https:\/\/vocesdebaires.com.ar\/index.php\/wp-json\/wp\/v2\/media?parent=5653"}],"wp:term":[{"taxonomy":"category","embeddable":true,"href":"https:\/\/vocesdebaires.com.ar\/index.php\/wp-json\/wp\/v2\/categories?post=5653"},{"taxonomy":"post_tag","embeddable":true,"href":"https:\/\/vocesdebaires.com.ar\/index.php\/wp-json\/wp\/v2\/tags?post=5653"}],"curies":[{"name":"wp","href":"https:\/\/api.w.org\/{rel}","templated":true}]}}