{"id":56617,"date":"2026-08-31T00:07:12","date_gmt":"2026-08-31T03:07:12","guid":{"rendered":"https:\/\/vocesdebaires.com.ar\/?p=56617"},"modified":"2026-08-31T00:07:12","modified_gmt":"2026-08-31T03:07:12","slug":"buenos-airessedeprimer-congreso-federal-de-ciudades-inteligentes","status":"publish","type":"post","link":"https:\/\/vocesdebaires.com.ar\/index.php\/2026\/08\/31\/buenos-airessedeprimer-congreso-federal-de-ciudades-inteligentes\/","title":{"rendered":"Buenos Aires:Sede,Primer Congreso Federal de Ciudades Inteligentes"},"content":{"rendered":"<p>URBAN CITIES Buenos Aires 2026 se realizar\u00e1 el mi\u00e9rcoles 2 de septiembre en la Usina del Arte. Con m\u00e1s de 300 ciudades convocadas, representaci\u00f3n de las 24 jurisdicciones del pa\u00eds y la participaci\u00f3n de m\u00e1s de 50 intendentes, el encuentro reunir\u00e1 a gobiernos, empresas, universidades y especialistas para debatir los desaf\u00edos que atraviesan hoy las ciudades y las oportunidades que abren la innovaci\u00f3n y la tecnolog\u00eda. Se trata del primer Congreso Federal de Ciudades Inteligentes, una iniciativa de la Unidad de Relaciones Federales y Vinculaci\u00f3n Interjurisdiccional del Gobierno de la Ciudad de Buenos Aires que busca generar un \u00e1mbito de intercambio y cooperaci\u00f3n entre ciudades de todo el pa\u00eds.<\/p>\n<p>Entre los participantes de URBAN CITIES Buenos Aires 2026 habr\u00e1 representantes de gobiernos locales y provinciales, empresas, startups y referentes acad\u00e9micos vinculados con la innovaci\u00f3n y la gesti\u00f3n urbana, en un formato pensado para favorecer el di\u00e1logo entre distintas realidades territoriales. La agenda incluir\u00e1 conferencias, paneles, presentaci\u00f3n de casos y espacios de intercambio y networking. Entre los principales ejes estar\u00e1n la transformaci\u00f3n digital, la inteligencia artificial, la gesti\u00f3n basada en datos, la seguridad, la sostenibilidad, la infraestructura y las nuevas herramientas aplicadas a la gesti\u00f3n p\u00fablica.<\/p>\n<p>Entre los speakers confirmados se encuentran Mateo Salvatto, especializado en rob\u00f3tica y fundador de Asteroid y Grondplek &amp; Apgreid; Andr\u00e9s Ibarra, presidente Fundaci\u00f3n Pa\u00eds Abierto y Digital; Franco Rodriguez Viau, cofundador y CEO de Satellites On Fire; Francisco Forbes, presidente de Prodam San Pablo y l\u00edder global en tecnolog\u00eda municipal; Ra\u00fal Piola, secretario de Innovaci\u00f3n del Gobierno de la Ciudad de Buenos Aires; Pablo Bereciartua, Ministro de Infraestructura y Movilidad del Gobierno de la Ciudad de Buenos Aires; Dar\u00edo Nieto, Legislador por la Ciudad de Buenos Aires; Julio L\u00f3pez, especialista en ciberseguridad, fraude y tecnolog\u00eda; y C\u00e9sar Torres, Titular de la Unidad de Relaciones Federales y Vinculaci\u00f3n Interjurisdiccional y organizador del evento.<\/p>\n<p>En total, ser\u00e1n m\u00e1s de 50 speakers, entre funcionarios, especialistas, acad\u00e9micos y referentes del sector privado y del ecosistema emprendedor. La propuesta comenzar\u00e1 el 1 de septiembre con un encuentro destinado especialmente a equipos t\u00e9cnicos de ciudades, municipios y gobiernos provinciales de todo el pa\u00eds. El objetivo ser\u00e1 facilitar la circulaci\u00f3n de conocimiento entre jurisdicciones y acercar experiencias que puedan ser adaptadas y replicadas en distintos puntos del pa\u00eds. Quienes quieran participar de los talleres del 1 de septiembre podr\u00e1n solicitar informaci\u00f3n a urbancities@buenosaires.gob.ar.<\/p>\n<p>Esta primera edici\u00f3n apunta a generar v\u00ednculos que trasciendan este Congreso Federal y contribuyan a fortalecer una red de colaboraci\u00f3n entre gobiernos locales, sector privado, universidades y organizaciones vinculadas con el desarrollo de las ciudades.URBAN CITIES Buenos Aires 2026 se realizar\u00e1 el mi\u00e9rcoles 2 de septiembre, de 9.30 a 18 horas, en la Usina del Arte, en el barrio de La Boca. La participaci\u00f3n es abierta y gratuita, con inscripci\u00f3n previa.La agenda completa, los speakers, las organizaciones participantes, sponsors y la informaci\u00f3n para inscribirse est\u00e1n disponibles en el sitio oficial de URBAN CITIES Buenos Aires2026: https:\/\/buenosaires.gob.ar\/urban-cities-buenos-aires-2026<\/p>\n<p>&nbsp;<\/p>\n<p>&nbsp;<\/p>\n<p>&nbsp;<\/p>\n","protected":false},"excerpt":{"rendered":"<p>URBAN CITIES Buenos Aires 2026 se realizar\u00e1 el mi\u00e9rcoles 2 de septiembre en la Usina del Arte. Con m\u00e1s de 300 ciudades convocadas, representaci\u00f3n de las 24 jurisdicciones del pa\u00eds y la participaci\u00f3n de m\u00e1s de 50 intendentes, el encuentro reunir\u00e1 a gobiernos, empresas, universidades y especialistas para debatir los desaf\u00edos que atraviesan hoy las [&hellip;]<\/p>\n","protected":false},"author":3,"featured_media":56618,"comment_status":"open","ping_status":"open","sticky":false,"template":"","format":"standard","meta":{"_et_pb_use_builder":"","_et_pb_old_content":"","_et_gb_content_width":"","footnotes":""},"categories":[11,33],"tags":[],"class_list":["post-56617","post","type-post","status-publish","format-standard","has-post-thumbnail","hentry","category-ciudad","category-sociedad-y-cultura-2"],"_links":{"self":[{"href":"https:\/\/vocesdebaires.com.ar\/index.php\/wp-json\/wp\/v2\/posts\/56617"}],"collection":[{"href":"https:\/\/vocesdebaires.com.ar\/index.php\/wp-json\/wp\/v2\/posts"}],"about":[{"href":"https:\/\/vocesdebaires.com.ar\/index.php\/wp-json\/wp\/v2\/types\/post"}],"author":[{"embeddable":true,"href":"https:\/\/vocesdebaires.com.ar\/index.php\/wp-json\/wp\/v2\/users\/3"}],"replies":[{"embeddable":true,"href":"https:\/\/vocesdebaires.com.ar\/index.php\/wp-json\/wp\/v2\/comments?post=56617"}],"version-history":[{"count":1,"href":"https:\/\/vocesdebaires.com.ar\/index.php\/wp-json\/wp\/v2\/posts\/56617\/revisions"}],"predecessor-version":[{"id":56619,"href":"https:\/\/vocesdebaires.com.ar\/index.php\/wp-json\/wp\/v2\/posts\/56617\/revisions\/56619"}],"wp:featuredmedia":[{"embeddable":true,"href":"https:\/\/vocesdebaires.com.ar\/index.php\/wp-json\/wp\/v2\/media\/56618"}],"wp:attachment":[{"href":"https:\/\/vocesdebaires.com.ar\/index.php\/wp-json\/wp\/v2\/media?parent=56617"}],"wp:term":[{"taxonomy":"category","embeddable":true,"href":"https:\/\/vocesdebaires.com.ar\/index.php\/wp-json\/wp\/v2\/categories?post=56617"},{"taxonomy":"post_tag","embeddable":true,"href":"https:\/\/vocesdebaires.com.ar\/index.php\/wp-json\/wp\/v2\/tags?post=56617"}],"curies":[{"name":"wp","href":"https:\/\/api.w.org\/{rel}","templated":true}]}}