{"id":56622,"date":"2026-08-31T00:14:28","date_gmt":"2026-08-31T03:14:28","guid":{"rendered":"https:\/\/vocesdebaires.com.ar\/?p=56622"},"modified":"2026-08-31T00:14:28","modified_gmt":"2026-08-31T03:14:28","slug":"la-ciudadrenueva-una-estacion-de-la-linea-b-de-subte","status":"publish","type":"post","link":"https:\/\/vocesdebaires.com.ar\/index.php\/2026\/08\/31\/la-ciudadrenueva-una-estacion-de-la-linea-b-de-subte\/","title":{"rendered":"La ciudad:Renueva una estaci\u00f3n de la L\u00ednea B de subte"},"content":{"rendered":"<p>A partir de hoy lunes 31 de agosto, la Estaci\u00f3n Medrano cerrar\u00e1 temporalmente para mejorar la infraestructura actual y la experiencia de viaje. Los trabajos incluyen pintura, recambio total de pisos, impermeabilizaci\u00f3n para prevenir filtraciones, nuevas luces LED, se\u00f1al\u00e9tica y se\u00f1alizaci\u00f3n inclusiva. Adem\u00e1s, para preservar el patrimonio cultural de la estaci\u00f3n, se va a trabajar en los murales junto a un equipo de restauradores profesionales. La renovaci\u00f3n apunta a seguir transformando el transporte p\u00fablico para que viajar en la Ciudad sea cada vez m\u00e1s r\u00e1pido, c\u00f3modo y seguro.<\/p>\n","protected":false},"excerpt":{"rendered":"<p>A partir de hoy lunes 31 de agosto, la Estaci\u00f3n Medrano cerrar\u00e1 temporalmente para mejorar la infraestructura actual y la experiencia de viaje. Los trabajos incluyen pintura, recambio total de pisos, impermeabilizaci\u00f3n para prevenir filtraciones, nuevas luces LED, se\u00f1al\u00e9tica y se\u00f1alizaci\u00f3n inclusiva. Adem\u00e1s, para preservar el patrimonio cultural de la estaci\u00f3n, se va a trabajar [&hellip;]<\/p>\n","protected":false},"author":3,"featured_media":56623,"comment_status":"open","ping_status":"open","sticky":false,"template":"","format":"standard","meta":{"_et_pb_use_builder":"","_et_pb_old_content":"","_et_gb_content_width":"","footnotes":""},"categories":[11,33],"tags":[],"class_list":["post-56622","post","type-post","status-publish","format-standard","has-post-thumbnail","hentry","category-ciudad","category-sociedad-y-cultura-2"],"_links":{"self":[{"href":"https:\/\/vocesdebaires.com.ar\/index.php\/wp-json\/wp\/v2\/posts\/56622"}],"collection":[{"href":"https:\/\/vocesdebaires.com.ar\/index.php\/wp-json\/wp\/v2\/posts"}],"about":[{"href":"https:\/\/vocesdebaires.com.ar\/index.php\/wp-json\/wp\/v2\/types\/post"}],"author":[{"embeddable":true,"href":"https:\/\/vocesdebaires.com.ar\/index.php\/wp-json\/wp\/v2\/users\/3"}],"replies":[{"embeddable":true,"href":"https:\/\/vocesdebaires.com.ar\/index.php\/wp-json\/wp\/v2\/comments?post=56622"}],"version-history":[{"count":1,"href":"https:\/\/vocesdebaires.com.ar\/index.php\/wp-json\/wp\/v2\/posts\/56622\/revisions"}],"predecessor-version":[{"id":56624,"href":"https:\/\/vocesdebaires.com.ar\/index.php\/wp-json\/wp\/v2\/posts\/56622\/revisions\/56624"}],"wp:featuredmedia":[{"embeddable":true,"href":"https:\/\/vocesdebaires.com.ar\/index.php\/wp-json\/wp\/v2\/media\/56623"}],"wp:attachment":[{"href":"https:\/\/vocesdebaires.com.ar\/index.php\/wp-json\/wp\/v2\/media?parent=56622"}],"wp:term":[{"taxonomy":"category","embeddable":true,"href":"https:\/\/vocesdebaires.com.ar\/index.php\/wp-json\/wp\/v2\/categories?post=56622"},{"taxonomy":"post_tag","embeddable":true,"href":"https:\/\/vocesdebaires.com.ar\/index.php\/wp-json\/wp\/v2\/tags?post=56622"}],"curies":[{"name":"wp","href":"https:\/\/api.w.org\/{rel}","templated":true}]}}