{"id":56625,"date":"2026-08-31T00:21:47","date_gmt":"2026-08-31T03:21:47","guid":{"rendered":"https:\/\/vocesdebaires.com.ar\/?p=56625"},"modified":"2026-08-31T00:21:47","modified_gmt":"2026-08-31T03:21:47","slug":"la-ciudady-un-plan-de-alertas-para-enfrentar-el-fenomeno-de-el-nino","status":"publish","type":"post","link":"https:\/\/vocesdebaires.com.ar\/index.php\/2026\/08\/31\/la-ciudady-un-plan-de-alertas-para-enfrentar-el-fenomeno-de-el-nino\/","title":{"rendered":"La Ciudad:Y un Plan de alertas, Para enfrentar el fen\u00f3meno de \u201cEl Ni\u00f1o\u201d"},"content":{"rendered":"<p>La Ciudad implement\u00f3 un plan de acci\u00f3n preventivo y de respuesta basado en alertas meteorol\u00f3gicas, monitoreo de zonas de riesgo y despliegue territorial ante la llegada de tormentas intensas por el fen\u00f3meno clim\u00e1tico de \u201cEl Ni\u00f1o\u201d. Comprende 177 puntos identificados, como por ejemplo pasos bajo nivel y puentes, estaciones de bombeo y desag\u00fces, calles y zonas de riesgo.<\/p>\n<p>Este refuerzo se da en un contexto de mayor frecuencia de tormentas persistentes que se esperan por el fen\u00f3meno de \u201cEl Ni\u00f1o\u00bb. El Servicio Meteorol\u00f3gico Nacional (SMN) estima que ser\u00e1 fuerte entre septiembre y octubre. Por eso, la Ciudad trabaja en la prevenci\u00f3n, monitoreo y respuesta. El nuevo despliegue consiste en el monitoreo preventivo de zonas de riesgo y una presencia con postas territoriales en toda la Ciudad con 83 puntos fijos en pasos bajo nivel y puentes, y 94 puntos din\u00e1micos para verificar desag\u00fces, estaciones de bombeo y eventuales anegamientos.<\/p>\n<p>\u201cTenemos la capacidad para anticiparnos, trabajar en equipo y de manera coordinada con todas las \u00e1reas del Gobierno. Nuestra prioridad es estar donde el vecino nos necesita\u201d, afirm\u00f3 el Jefe de Gobierno, Jorge Macri, frente a todo su Gabinete de ministros en la Sede del Gobierno de la Ciudad, en Parque Patricios.Ante la llegada de tormentas cada vez m\u00e1s potentes, Jorge Macri no solo defini\u00f3 ampliar y reforzar el \u201cPlan Operativo ante emergencias hidrometeorol\u00f3gicas\u201d que define mecanismos de alerta, activaci\u00f3n y coordinaci\u00f3n de los recursos para dar una respuesta organizada. Tambi\u00e9n decidi\u00f3 profundizar y acelerar las obras hidr\u00e1ulicas ante la intensidad de estos fen\u00f3menos.<\/p>\n<p>\u201cYa terminamos m\u00e1s de 60 obras para ampliar la capacidad de la red pluvial y 18,5 kil\u00f3metros de nuevas tuber\u00edas del Plan Hidr\u00e1ulico. Ahora, aceleramos la finalizaci\u00f3n de otras 14 obras pluviales e hidr\u00e1ulicas\u201d, sostuvo el Jefe de Gobierno. Y agreg\u00f3: \u201cSabemos que este es un fen\u00f3meno que no podemos evitar. Pero s\u00ed podemos poner todo nuestro esfuerzo y toda nuestra coordinaci\u00f3n y nuestro trabajo para cuidar a cada porte\u00f1o\u201d.<\/p>\n<p>El primer paso es la instancia conocida como \u201cApresto y recorrido preventivo\u201d cuando se realiza el monitoreo de progreso del evento. El segundo paso es el estado de \u201cAlerta amarilla de alto impacto\u201d, y luego \u201cAlerta naranja\u201d, cuando se dispone el desplazamiento de los equipos a los 177 puntos pre asignados. El tercer paso es la \u201cAlerta roja\u201d: se pueden sumar nuevos puntos de cobertura seg\u00fan c\u00f3mo se desarrolle el evento.<\/p>\n<p>La actualizaci\u00f3n ampl\u00eda y fortalece el Plan Operativo de la Subsecretar\u00eda de Emergencias del Ministerio de Seguridad porte\u00f1o. Coordinado por Defensa Civil desde el Centro de Operaciones de Emergencias porte\u00f1o (COE), articula a 10 organismos del Estado porte\u00f1o, entre ellos Bomberos de la Ciudad y Bomberos Voluntarios, Polic\u00eda de la Ciudad, Tr\u00e1nsito, Orden P\u00fablico, Hidr\u00e1ulica, Competencias Comunales, Fiscalizaci\u00f3n, Econom\u00eda Social y AUSA. Cada punto cuenta con un informante calificado que reporta en tiempo real, lo que garantiza una respuesta organizada y coordinada.<\/p>\n<p>Hist\u00f3ricamente, fen\u00f3menos como \u201cEl Ni\u00f1o\u201d generan anegamientos por saturaci\u00f3n del sistema pluvial y el efecto tap\u00f3n que provocan las sudestadas sobre el R\u00edo de la Plata. En estos casos, el trabajo preventivo en sumideros y estaciones de bombeo resulta central para mitigar el impacto en la v\u00eda p\u00fablica y la circulaci\u00f3n.<br \/>\nDe acuerdo con las previsiones, este a\u00f1o la temperatura del Pac\u00edfico podr\u00eda superar los umbrales hist\u00f3ricos y esto podr\u00eda generar en el centro y noreste del pa\u00eds, incluido el AMBA, lluvias por encima de lo normal, tormentas con r\u00e1fagas y acumulaciones de agua en per\u00edodos de tiempo muy cortos.<\/p>\n<p><strong>Foto GCBA<\/strong><\/p>\n","protected":false},"excerpt":{"rendered":"<p>La Ciudad implement\u00f3 un plan de acci\u00f3n preventivo y de respuesta basado en alertas meteorol\u00f3gicas, monitoreo de zonas de riesgo y despliegue territorial ante la llegada de tormentas intensas por el fen\u00f3meno clim\u00e1tico de \u201cEl Ni\u00f1o\u201d. Comprende 177 puntos identificados, como por ejemplo pasos bajo nivel y puentes, estaciones de bombeo y desag\u00fces, calles y [&hellip;]<\/p>\n","protected":false},"author":3,"featured_media":56626,"comment_status":"open","ping_status":"open","sticky":false,"template":"","format":"standard","meta":{"_et_pb_use_builder":"","_et_pb_old_content":"","_et_gb_content_width":"","footnotes":""},"categories":[11,33],"tags":[],"class_list":["post-56625","post","type-post","status-publish","format-standard","has-post-thumbnail","hentry","category-ciudad","category-sociedad-y-cultura-2"],"_links":{"self":[{"href":"https:\/\/vocesdebaires.com.ar\/index.php\/wp-json\/wp\/v2\/posts\/56625"}],"collection":[{"href":"https:\/\/vocesdebaires.com.ar\/index.php\/wp-json\/wp\/v2\/posts"}],"about":[{"href":"https:\/\/vocesdebaires.com.ar\/index.php\/wp-json\/wp\/v2\/types\/post"}],"author":[{"embeddable":true,"href":"https:\/\/vocesdebaires.com.ar\/index.php\/wp-json\/wp\/v2\/users\/3"}],"replies":[{"embeddable":true,"href":"https:\/\/vocesdebaires.com.ar\/index.php\/wp-json\/wp\/v2\/comments?post=56625"}],"version-history":[{"count":1,"href":"https:\/\/vocesdebaires.com.ar\/index.php\/wp-json\/wp\/v2\/posts\/56625\/revisions"}],"predecessor-version":[{"id":56627,"href":"https:\/\/vocesdebaires.com.ar\/index.php\/wp-json\/wp\/v2\/posts\/56625\/revisions\/56627"}],"wp:featuredmedia":[{"embeddable":true,"href":"https:\/\/vocesdebaires.com.ar\/index.php\/wp-json\/wp\/v2\/media\/56626"}],"wp:attachment":[{"href":"https:\/\/vocesdebaires.com.ar\/index.php\/wp-json\/wp\/v2\/media?parent=56625"}],"wp:term":[{"taxonomy":"category","embeddable":true,"href":"https:\/\/vocesdebaires.com.ar\/index.php\/wp-json\/wp\/v2\/categories?post=56625"},{"taxonomy":"post_tag","embeddable":true,"href":"https:\/\/vocesdebaires.com.ar\/index.php\/wp-json\/wp\/v2\/tags?post=56625"}],"curies":[{"name":"wp","href":"https:\/\/api.w.org\/{rel}","templated":true}]}}