{"id":56630,"date":"2026-08-31T00:27:19","date_gmt":"2026-08-31T03:27:19","guid":{"rendered":"https:\/\/vocesdebaires.com.ar\/?p=56630"},"modified":"2026-08-31T00:27:19","modified_gmt":"2026-08-31T03:27:19","slug":"amia-participa-de-la-campana-legados-solidarios","status":"publish","type":"post","link":"https:\/\/vocesdebaires.com.ar\/index.php\/2026\/08\/31\/amia-participa-de-la-campana-legados-solidarios\/","title":{"rendered":"AMIA participa de la campa\u00f1a \u201cLegados solidarios\u201d"},"content":{"rendered":"<p>AMIA, junto a 13 organizaciones sociales de la Argentina, se encuentra participando de la campa\u00f1a \u201cLegados solidarios\u00bb, una iniciativa que busca dar a conocer que, en Argentina, cualquier persona puede incluir a una ONG en su testamento, y dejar, de esta manera, un aporte que trascienda en el tiempo. La campa\u00f1a es impulsada tambi\u00e9n por Amnist\u00eda Internacional, C\u00e1ncer con Ciencia de Fundaci\u00f3n Sales, C\u00e1ritas Argentina, Don Bosco Por Los J\u00f3venes, Don Orione, Fundaci\u00f3n Esteban Bullrich, Fundaci\u00f3n Hu\u00e9sped, Hospital Brit\u00e1nico, Fundaci\u00f3n Junior Achievement Argentina, M\u00e9dicos Sin Fronteras, Mensajeros de la Paz Argentina, Unicef Argentina y Universidad Hospital Italiano.<\/p>\n<p>\u201cEl marco legal habilita a cualquier persona mayor de edad a incluir a una organizaci\u00f3n social en su testamento. Cuando existen herederos forzosos -como hijos, padres o c\u00f3nyuges- se debe respetar la porci\u00f3n de la herencia que la ley les garantiza. El resto puede destinarse a una organizaci\u00f3n, ya sea nombr\u00e1ndola heredera o dej\u00e1ndole uno o varios bienes espec\u00edficos\u201d, explicaron los impulsores de la iniciativa. \u00abLa proporci\u00f3n disponible depende de cada situaci\u00f3n familiar: es de un tercio cuando hay hijos o descendientes, y de la mitad cuando no hay descendientes, pero s\u00ed padres, otros ascendientes o c\u00f3nyuges.<\/p>\n<p>Cuando no existen herederos forzosos, la persona puede disponer libremente de la totalidad de sus bienes\u00bb, explica la escribana Sonia Lukaszewicz, en representaci\u00f3n del Colegio de Escribanos de la Ciudad de Buenos Aires (CECBA), instituci\u00f3n que apoya la campa\u00f1a. De acuerdo con la escribana, \u00abel testamento puede incluir un bien espec\u00edfico, una suma de dinero o una parte del patrimonio. Tambi\u00e9n puede establecer que esos bienes se destinen a una finalidad determinada, siempre que el cargo impuesto sea l\u00edcito y pueda cumplirse\u00bb.<\/p>\n<p><strong>Legado con impacto en la sociedad:<\/strong><br \/>\n\u201cLegados Solidarios\u201d es una iniciativa creada en 2017. Se puede contribuir a una causa solidaria sin afectar a los herederos forzosos. En Argentina, cuenta con el apoyo de la Asociaci\u00f3n de Ejecutivos en Desarrollo de Recursos para Organizaciones Sociales (AEDROS), la Comisi\u00f3n Pro Bono del Colegio de Abogados de CABA, el Colegio de Escribanos de CABA, el Consejo Federal del Notariado Argentino (CFNA), el Consejo Publicitario Argentino y la Fundaci\u00f3n La Naci\u00f3n.<\/p>\n<p>Aunque todav\u00eda se trata de una pr\u00e1ctica en desarrollo, especialistas coinciden en que se est\u00e1 registrando un crecimiento a nivel internacional que da cuenta de un cambio cultural: cada vez m\u00e1s personas buscan que sus decisiones patrimoniales tambi\u00e9n expresen sus valores y el impacto que desean dejar en la sociedad.<br \/>\nDe hecho, entre las organizaciones que forman parte de esta campa\u00f1a, durante 2025 se recibieron m\u00e1s de 4.700 consultas y m\u00e1s de 30 personas incluyeron a alguna de las causas en su testamento solidario.<\/p>\n<p>Quienes quieran informarse pueden visitar www.legados-solidarios.org, completar un breve formulario y elegir con qu\u00e9 organizaci\u00f3n desean colaborar.<br \/>\nPara ponerse en contacto con AMIA en relaci\u00f3n a toda consulta vinculada con los Legados Solidarios, las personas interesadas podr\u00e1n escribir a legados@amia.org.ar. Recibir\u00e1n acompa\u00f1amiento personalizado y gratuito para avanzar con su decisi\u00f3n.<\/p>\n","protected":false},"excerpt":{"rendered":"<p>AMIA, junto a 13 organizaciones sociales de la Argentina, se encuentra participando de la campa\u00f1a \u201cLegados solidarios\u00bb, una iniciativa que busca dar a conocer que, en Argentina, cualquier persona puede incluir a una ONG en su testamento, y dejar, de esta manera, un aporte que trascienda en el tiempo. La campa\u00f1a es impulsada tambi\u00e9n por [&hellip;]<\/p>\n","protected":false},"author":2,"featured_media":56631,"comment_status":"open","ping_status":"open","sticky":false,"template":"","format":"standard","meta":{"_et_pb_use_builder":"","_et_pb_old_content":"","_et_gb_content_width":"","footnotes":""},"categories":[11,33],"tags":[],"class_list":["post-56630","post","type-post","status-publish","format-standard","has-post-thumbnail","hentry","category-ciudad","category-sociedad-y-cultura-2"],"_links":{"self":[{"href":"https:\/\/vocesdebaires.com.ar\/index.php\/wp-json\/wp\/v2\/posts\/56630"}],"collection":[{"href":"https:\/\/vocesdebaires.com.ar\/index.php\/wp-json\/wp\/v2\/posts"}],"about":[{"href":"https:\/\/vocesdebaires.com.ar\/index.php\/wp-json\/wp\/v2\/types\/post"}],"author":[{"embeddable":true,"href":"https:\/\/vocesdebaires.com.ar\/index.php\/wp-json\/wp\/v2\/users\/2"}],"replies":[{"embeddable":true,"href":"https:\/\/vocesdebaires.com.ar\/index.php\/wp-json\/wp\/v2\/comments?post=56630"}],"version-history":[{"count":1,"href":"https:\/\/vocesdebaires.com.ar\/index.php\/wp-json\/wp\/v2\/posts\/56630\/revisions"}],"predecessor-version":[{"id":56632,"href":"https:\/\/vocesdebaires.com.ar\/index.php\/wp-json\/wp\/v2\/posts\/56630\/revisions\/56632"}],"wp:featuredmedia":[{"embeddable":true,"href":"https:\/\/vocesdebaires.com.ar\/index.php\/wp-json\/wp\/v2\/media\/56631"}],"wp:attachment":[{"href":"https:\/\/vocesdebaires.com.ar\/index.php\/wp-json\/wp\/v2\/media?parent=56630"}],"wp:term":[{"taxonomy":"category","embeddable":true,"href":"https:\/\/vocesdebaires.com.ar\/index.php\/wp-json\/wp\/v2\/categories?post=56630"},{"taxonomy":"post_tag","embeddable":true,"href":"https:\/\/vocesdebaires.com.ar\/index.php\/wp-json\/wp\/v2\/tags?post=56630"}],"curies":[{"name":"wp","href":"https:\/\/api.w.org\/{rel}","templated":true}]}}