{"id":56639,"date":"2026-08-31T00:53:21","date_gmt":"2026-08-31T03:53:21","guid":{"rendered":"https:\/\/vocesdebaires.com.ar\/?p=56639"},"modified":"2026-08-31T00:58:19","modified_gmt":"2026-08-31T03:58:19","slug":"legislatura-portenase-reunio-la-comision-de-turismo-y-deportes","status":"publish","type":"post","link":"https:\/\/vocesdebaires.com.ar\/index.php\/2026\/08\/31\/legislatura-portenase-reunio-la-comision-de-turismo-y-deportes\/","title":{"rendered":"Legislatura porte\u00f1a:Se reuni\u00f3 la Comisi\u00f3n de Turismo y Deportes"},"content":{"rendered":"<p>En el Sal\u00f3n Presidente Alfons\u00edn se reuni\u00f3 la Comisi\u00f3n de Turismo y Deportes, presidida por el legislador porte\u00f1o Claudio Am\u00e9rico Ferre\u00f1o (Fuerza por Buenos Aires), acompa\u00f1ado por los legisladores Luc\u00eda Montenegro (La Libertad Avanza) y Francisco Loupias (Ciudadanos Unidos\/UCR)\u00a0 vicepresidentes primera y segundo, respectivamente\u2014, junto con Juan Facundo Del Gaiso, Patricia Glize, Sebasti\u00e1n Nagata, Diego Vartabedian, Juan Pablo Modarelli y Alejandro Grillo.<br \/>\nDurante la primera parte del encuentro, y seg\u00fan lo establecido por reglamento, tomaron la palabra representantes de organizaciones no gubernamentales y vecinos.<\/p>\n<p>Posteriormente, los\u00a0 legisladores porte\u00f1o dictaminaron sobre proyectos de ley, declaraciones de personalidades destacadas, aniversarios y homenajes orientados al fomento deportivo, el desarrollo comunitario, la identidad cultural y la inclusi\u00f3n en el deporte adaptado. Entre las principales iniciativas, se dictamin\u00f3 el proyecto para declarar de inter\u00e9s deportivo de la Ciudad a la categor\u00eda automovil\u00edstica TC2000. Asimismo, tuvieron giro a la Comisi\u00f3n de Presupuesto la modificaci\u00f3n de la Ley 1807 (que prev\u00e9 la creaci\u00f3n de una Unidad Descentralizada de Asistencia a Clubes en cada sede comunal) y el proyecto denominado Ley Joaqu\u00edn. Por su parte, Ferre\u00f1o anunci\u00f3 que el pr\u00f3ximo lunes se realizar\u00e1 una reuni\u00f3n con federaciones deportivas para abordar el proyecto de alivio burocr\u00e1tico para clubes de barrio (expediente 1740), adem\u00e1s de pautar un encuentro conjunto con la Secretar\u00eda de Deportes para tratar el desarrollo del aut\u00f3dromo y la zona sur.<\/p>\n<p>En materia de reconocimientos, se declararon de inter\u00e9s social y deportivo la pr\u00e1ctica de rugby mixed ability (rugby inclusivo), las actividades de la asociaci\u00f3n \u00abProyecto En JueGo\u00bb, la labor del Club Belgrano y la de la Liga Metropolitana de Boxeo. A su vez, se destac\u00f3 la trayectoria de la escuela de skate \u00abA Chantar\u00bb, la 30.\u00b0 Feria Internacional de Turismo de Am\u00e9rica Latina (FIT), la Uni\u00f3n Internacional de Artes Marciales (UIAMA) y el \u00abXX Campeonato Mundial de Pelota Vasca \u2013 Argentina 2026\u00bb, junto a la entrega de una bandeja protocolar al Club DAOM.<\/p>\n<p>En el plano individual e institucional, se impuls\u00f3 la distinci\u00f3n como Personalidades Destacadas de Luciano De Cecco, Guillermo Kissling, Anna Laura Scarsi y Tom\u00e1s Ser\u00e9, adem\u00e1s de un reconocimiento a V\u00edctor Hugo Morales por el 40.\u00b0 aniversario del relato del \u00abGol del Siglo\u00bb y una declaraci\u00f3n de pesar por el fallecimiento del hist\u00f3rico entrenador Daniel Jorge Castellani. Por \u00faltimo, se aprobaron declaraciones de benepl\u00e1cito por los aniversarios de la Asociaci\u00f3n de Fomento 25 de Mayo de 1810 (90.\u00b0), la Asociaci\u00f3n Vecinal Villa Urquiza Nor-Oeste y Club Atl\u00e9tico California (100.\u00b0), el Club Atl\u00e9tico Chacarita Juniors (120.\u00b0) y el Club Atl\u00e9tico Boca Juniors por la obtenci\u00f3n de la Copa Libertadores (25.\u00b0).<\/p>\n<p>En el Sal\u00f3n Presidente Alfons\u00edn se reuni\u00f3 la Comisi\u00f3n de Turismo y Deportes, presidida por el legislador porte\u00f1o Claudio Am\u00e9rico Ferre\u00f1o (Fuerza por Buenos Aires), acompa\u00f1ado por los legisladores Luc\u00eda Montenegro (La Libertad Avanza) y Francisco Loupias (Ciudadanos Unidos\/UCR)\u00a0 vicepresidentes primera y segundo, respectivamente\u2014, junto con Juan Facundo Del Gaiso, Patricia Glize, Sebasti\u00e1n Nagata, Diego Vartabedian, Juan Pablo Modarelli y Alejandro Grillo.<\/p>\n<p>Durante la primera parte del encuentro, y seg\u00fan lo establecido por reglamento, tomaron la palabra representantes de organizaciones no gubernamentales y vecinos. Posteriormente, los diputados dictaminaron sobre proyectos de ley, declaraciones de personalidades destacadas, aniversarios y homenajes orientados al fomento deportivo, el desarrollo comunitario, la identidad cultural y la inclusi\u00f3n en el deporte adaptado.<\/p>\n<p>Entre las principales iniciativas, se dictamin\u00f3 el proyecto para declarar de inter\u00e9s deportivo de la Ciudad a la categor\u00eda automovil\u00edstica TC2000. Asimismo, tuvieron giro a la Comisi\u00f3n de Presupuesto la modificaci\u00f3n de la Ley 1807 (que prev\u00e9 la creaci\u00f3n de una Unidad Descentralizada de Asistencia a Clubes en cada sede comunal) y el proyecto denominado Ley Joaqu\u00edn. Por su parte, Ferre\u00f1o anunci\u00f3 que el pr\u00f3ximo lunes se realizar\u00e1 una reuni\u00f3n con federaciones deportivas para abordar el proyecto de alivio burocr\u00e1tico para clubes de barrio (expediente 1740), adem\u00e1s de pautar un encuentro conjunto con la Secretar\u00eda de Deportes para tratar el desarrollo del aut\u00f3dromo y la zona sur.<\/p>\n<p>En materia de reconocimientos, se declararon de inter\u00e9s social y deportivo la pr\u00e1ctica de rugby mixed ability (rugby inclusivo), las actividades de la asociaci\u00f3n \u00abProyecto En JueGo\u00bb, la labor del Club Belgrano y la de la Liga Metropolitana de Boxeo. A su vez, se destac\u00f3 la trayectoria de la escuela de skate \u00abA Chantar\u00bb, la 30.\u00b0 Feria Internacional de Turismo de Am\u00e9rica Latina (FIT), la Uni\u00f3n Internacional de Artes Marciales (UIAMA) y el \u00abXX Campeonato Mundial de Pelota Vasca \u2013 Argentina 2026\u00bb, junto a la entrega de una bandeja protocolar al Club DAOM.<\/p>\n<p>En el plano individual e institucional, se impuls\u00f3 la distinci\u00f3n como Personalidades Destacadas de Luciano De Cecco, Guillermo Kissling, Anna Laura Scarsi y Tom\u00e1s Ser\u00e9, adem\u00e1s de un reconocimiento a V\u00edctor Hugo Morales por el 40.\u00b0 aniversario del relato del \u00abGol del Siglo\u00bb y una declaraci\u00f3n de pesar por el fallecimiento del hist\u00f3rico entrenador Daniel Jorge Castellani. Por \u00faltimo, se aprobaron declaraciones de benepl\u00e1cito por los aniversarios de la Asociaci\u00f3n de Fomento 25 de Mayo de 1810 (90.\u00b0), la Asociaci\u00f3n Vecinal Villa Urquiza Nor-Oeste y Club Atl\u00e9tico California (100.\u00b0), el Club Atl\u00e9tico Chacarita Juniors (120.\u00b0) y el Club Atl\u00e9tico Boca Juniors por la obtenci\u00f3n de la Copa Libertadores (25.\u00b0).<\/p>\n","protected":false},"excerpt":{"rendered":"<p>En el Sal\u00f3n Presidente Alfons\u00edn se reuni\u00f3 la Comisi\u00f3n de Turismo y Deportes, presidida por el legislador porte\u00f1o Claudio Am\u00e9rico Ferre\u00f1o (Fuerza por Buenos Aires), acompa\u00f1ado por los legisladores Luc\u00eda Montenegro (La Libertad Avanza) y Francisco Loupias (Ciudadanos Unidos\/UCR)\u00a0 vicepresidentes primera y segundo, respectivamente\u2014, junto con Juan Facundo Del Gaiso, Patricia Glize, Sebasti\u00e1n Nagata, Diego [&hellip;]<\/p>\n","protected":false},"author":2,"featured_media":56641,"comment_status":"open","ping_status":"open","sticky":false,"template":"","format":"standard","meta":{"_et_pb_use_builder":"","_et_pb_old_content":"","_et_gb_content_width":"","footnotes":""},"categories":[11,33],"tags":[],"class_list":["post-56639","post","type-post","status-publish","format-standard","has-post-thumbnail","hentry","category-ciudad","category-sociedad-y-cultura-2"],"_links":{"self":[{"href":"https:\/\/vocesdebaires.com.ar\/index.php\/wp-json\/wp\/v2\/posts\/56639"}],"collection":[{"href":"https:\/\/vocesdebaires.com.ar\/index.php\/wp-json\/wp\/v2\/posts"}],"about":[{"href":"https:\/\/vocesdebaires.com.ar\/index.php\/wp-json\/wp\/v2\/types\/post"}],"author":[{"embeddable":true,"href":"https:\/\/vocesdebaires.com.ar\/index.php\/wp-json\/wp\/v2\/users\/2"}],"replies":[{"embeddable":true,"href":"https:\/\/vocesdebaires.com.ar\/index.php\/wp-json\/wp\/v2\/comments?post=56639"}],"version-history":[{"count":1,"href":"https:\/\/vocesdebaires.com.ar\/index.php\/wp-json\/wp\/v2\/posts\/56639\/revisions"}],"predecessor-version":[{"id":56640,"href":"https:\/\/vocesdebaires.com.ar\/index.php\/wp-json\/wp\/v2\/posts\/56639\/revisions\/56640"}],"wp:featuredmedia":[{"embeddable":true,"href":"https:\/\/vocesdebaires.com.ar\/index.php\/wp-json\/wp\/v2\/media\/56641"}],"wp:attachment":[{"href":"https:\/\/vocesdebaires.com.ar\/index.php\/wp-json\/wp\/v2\/media?parent=56639"}],"wp:term":[{"taxonomy":"category","embeddable":true,"href":"https:\/\/vocesdebaires.com.ar\/index.php\/wp-json\/wp\/v2\/categories?post=56639"},{"taxonomy":"post_tag","embeddable":true,"href":"https:\/\/vocesdebaires.com.ar\/index.php\/wp-json\/wp\/v2\/tags?post=56639"}],"curies":[{"name":"wp","href":"https:\/\/api.w.org\/{rel}","templated":true}]}}