{"id":56642,"date":"2026-08-31T01:05:16","date_gmt":"2026-08-31T04:05:16","guid":{"rendered":"https:\/\/vocesdebaires.com.ar\/?p=56642"},"modified":"2026-08-31T01:20:45","modified_gmt":"2026-08-31T04:20:45","slug":"la-legislatura-aprobo-la-transferencia-de-la-justicia-laboral-nacional-2","status":"publish","type":"post","link":"https:\/\/vocesdebaires.com.ar\/index.php\/2026\/08\/31\/la-legislatura-aprobo-la-transferencia-de-la-justicia-laboral-nacional-2\/","title":{"rendered":"La Legislatura aprob\u00f3 la transferencia de la Justicia Laboral Nacional"},"content":{"rendered":"<p>En sesi\u00f3n ordinaria del pasado jueves y con la presencia de los legisladores porte\u00f1os de los distintos bloques que integran el recinto, el Cuerpo Legislativo aprob\u00f3 la transferencia de la Justicia Laboral Nacional al \u00e1mbito de la Ciudad Aut\u00f3noma de Buenos Aires. El proyecto cuenta con autor\u00eda de la Jefatura de Gobierno y obtuvo 36 votos a favor, 2 negativos y 20 abstenciones.<\/p>\n<p>El proyecto formaliza la transferencia de la justicia laboral desde la \u00f3rbita nacional al fuero local, marcando un hito en la consolidaci\u00f3n de la autonom\u00eda jurisdiccional porte\u00f1a prevista tras la reforma constitucional de 1994. El convenio, firmado en febrero de 2026 entre el Estado Nacional y la administraci\u00f3n de la Ciudad,establece que las causas laborales iniciadas antes de la entrada en vigor del nuevo fuero seguir\u00e1n tramit\u00e1ndose en la Justicia Nacional del Trabajo, mientras que las nuevas demandas se procesar\u00e1n exclusivamente en el flamante Fuero del Trabajo de la Ciudad.<\/p>\n<p>El traspaso se sustenta en el art\u00edculo 129 de la Constituci\u00f3n Nacional y disposiciones locales, que exigen agotar todas las v\u00edas para asegurar la autonom\u00eda plena de la jurisdicci\u00f3n porte\u00f1a. De esta forma, la Ciudad asume el compromiso de seleccionar jueces y fiscales a trav\u00e9s de los mecanismos habituales y de proveer los recursos necesarios, mientras el Estado Nacional se compromete a transferir progresivamente los recursos y a no cubrir nuevas vacantes en la justicia nacional para las competencias transferidas.\u00a0 La medida se apoya en las leyes 6.789 y 6.790, que habilitaron la creaci\u00f3n formal del fuero laboral local y su r\u00e9gimen procesal.<\/p>\n<p>A su vez, los legislador tambi\u00e9n aprobaron el proyecto que prev\u00e9 la homologaci\u00f3n de las condonaciones de deudas tributarias autorizadas de la Administraci\u00f3n Gubernamental de Ingresos P\u00fablicos (AGIP). La iniciativa abarca obligaciones impagas referidas a grav\u00e1menes inmobiliarios, patentes de veh\u00edculos e Impuesto sobre los Ingresos Brutos. El proyecto, que tambi\u00e9n fue impulsado por la Jefatura de Gobierno, cont\u00f3 con la aprobaci\u00f3n de todo el cuerpo, con 56 votos afirmativos. El texto indica que la AGIP concedi\u00f3 condonaciones durante 2025 y 2026 a un grupo reducido de contribuyentes, con montos variables seg\u00fan el caso. La ley responde al procedimiento anual que establece el C\u00f3digo Fiscal local, seg\u00fan el cual estas condonaciones deben ser remitidas a la Legislatura para su validaci\u00f3n.<\/p>\n<p>&nbsp;<\/p>\n","protected":false},"excerpt":{"rendered":"<p>En sesi\u00f3n ordinaria del pasado jueves y con la presencia de los legisladores porte\u00f1os de los distintos bloques que integran el recinto, el Cuerpo Legislativo aprob\u00f3 la transferencia de la Justicia Laboral Nacional al \u00e1mbito de la Ciudad Aut\u00f3noma de Buenos Aires. El proyecto cuenta con autor\u00eda de la Jefatura de Gobierno y obtuvo 36 [&hellip;]<\/p>\n","protected":false},"author":2,"featured_media":56651,"comment_status":"open","ping_status":"open","sticky":false,"template":"","format":"standard","meta":{"_et_pb_use_builder":"","_et_pb_old_content":"","_et_gb_content_width":"","footnotes":""},"categories":[11,33],"tags":[],"class_list":["post-56642","post","type-post","status-publish","format-standard","has-post-thumbnail","hentry","category-ciudad","category-sociedad-y-cultura-2"],"_links":{"self":[{"href":"https:\/\/vocesdebaires.com.ar\/index.php\/wp-json\/wp\/v2\/posts\/56642"}],"collection":[{"href":"https:\/\/vocesdebaires.com.ar\/index.php\/wp-json\/wp\/v2\/posts"}],"about":[{"href":"https:\/\/vocesdebaires.com.ar\/index.php\/wp-json\/wp\/v2\/types\/post"}],"author":[{"embeddable":true,"href":"https:\/\/vocesdebaires.com.ar\/index.php\/wp-json\/wp\/v2\/users\/2"}],"replies":[{"embeddable":true,"href":"https:\/\/vocesdebaires.com.ar\/index.php\/wp-json\/wp\/v2\/comments?post=56642"}],"version-history":[{"count":2,"href":"https:\/\/vocesdebaires.com.ar\/index.php\/wp-json\/wp\/v2\/posts\/56642\/revisions"}],"predecessor-version":[{"id":56646,"href":"https:\/\/vocesdebaires.com.ar\/index.php\/wp-json\/wp\/v2\/posts\/56642\/revisions\/56646"}],"wp:featuredmedia":[{"embeddable":true,"href":"https:\/\/vocesdebaires.com.ar\/index.php\/wp-json\/wp\/v2\/media\/56651"}],"wp:attachment":[{"href":"https:\/\/vocesdebaires.com.ar\/index.php\/wp-json\/wp\/v2\/media?parent=56642"}],"wp:term":[{"taxonomy":"category","embeddable":true,"href":"https:\/\/vocesdebaires.com.ar\/index.php\/wp-json\/wp\/v2\/categories?post=56642"},{"taxonomy":"post_tag","embeddable":true,"href":"https:\/\/vocesdebaires.com.ar\/index.php\/wp-json\/wp\/v2\/tags?post=56642"}],"curies":[{"name":"wp","href":"https:\/\/api.w.org\/{rel}","templated":true}]}}