{"id":5705,"date":"2019-02-27T03:49:48","date_gmt":"2019-02-27T06:49:48","guid":{"rendered":"http:\/\/vocesdebaires.com.ar\/wordpress\/index.php\/2019\/02\/27\/centro-de-emergencias-911santilli-y-embajadores\/"},"modified":"2019-02-27T03:49:48","modified_gmt":"2019-02-27T06:49:48","slug":"centro-de-emergencias-911santilli-y-embajadores","status":"publish","type":"post","link":"https:\/\/vocesdebaires.com.ar\/index.php\/2019\/02\/27\/centro-de-emergencias-911santilli-y-embajadores\/","title":{"rendered":"Centro de Emergencias 911:Santilli y embajadores"},"content":{"rendered":"<p>Diego Santilli, vicejefe de Gobierno porte\u00f1o a cargo del ministerio de Justicia, recibi\u00f3 ayer a los embajadores de Estados Unidos, Alemania, Francia, Reino Unido, Espa\u00f1a, Uruguay, Canad\u00e1, Italia y Chile en el Centro de Emergencias del 911.&quot;Cada uno de los que estamos ac\u00e1, desde los directores hasta los operadores que reciben los llamados, tenemos el mismo compromiso y el mismo objetivo: cuidara los porte\u00f1os y a quienes nos visitan&quot;, dijo el vicejefe. El edificio incluye al SAME, Bomberos, Defensa Civil, 103 y las principales cuadrillas de emergencias de los servicios p\u00fablicos.<\/p>\n<p>Los embajadores recorrieron las instalaciones y conocieron las nuevas herramientas tecnol\u00f3gicas en materia de seguridad y prevenci\u00f3n del delito: despliegue territorial, rutas de patrullaje y alertas del 911 y tambi\u00e9n el Anillo Digital y el Mapa del Delito. &quot;Durante la recorrida pudieron conocer un poco sobre nuestra manera de trabajar y ver de primera mano nuestros esfuerzos para cumplir este objetivo&quot;, agreg\u00f3 Santilli. De la actividad tambi\u00e9n participaron Fernando Straface, Secretario General y Relaciones Internacionales, Marcelo D\u2019Alessandro, Secretario de Seguridad, y Fernando Benegas, Ministerio de Seguridad.<\/p>\n","protected":false},"excerpt":{"rendered":"<p>Diego Santilli, vicejefe de Gobierno porte\u00f1o a cargo del ministerio de Justicia, recibi\u00f3 ayer a los embajadores de Estados Unidos, Alemania, Francia, Reino Unido, Espa\u00f1a, Uruguay, Canad\u00e1, Italia y Chile en el Centro de Emergencias del 911.&quot;Cada uno de los que estamos ac\u00e1, desde los directores hasta los operadores que reciben los llamados, tenemos el [&hellip;]<\/p>\n","protected":false},"author":1,"featured_media":5706,"comment_status":"open","ping_status":"open","sticky":false,"template":"","format":"standard","meta":{"_et_pb_use_builder":"","_et_pb_old_content":"","_et_gb_content_width":"","footnotes":""},"categories":[11,33],"tags":[],"class_list":["post-5705","post","type-post","status-publish","format-standard","has-post-thumbnail","hentry","category-ciudad","category-sociedad-y-cultura-2"],"_links":{"self":[{"href":"https:\/\/vocesdebaires.com.ar\/index.php\/wp-json\/wp\/v2\/posts\/5705"}],"collection":[{"href":"https:\/\/vocesdebaires.com.ar\/index.php\/wp-json\/wp\/v2\/posts"}],"about":[{"href":"https:\/\/vocesdebaires.com.ar\/index.php\/wp-json\/wp\/v2\/types\/post"}],"author":[{"embeddable":true,"href":"https:\/\/vocesdebaires.com.ar\/index.php\/wp-json\/wp\/v2\/users\/1"}],"replies":[{"embeddable":true,"href":"https:\/\/vocesdebaires.com.ar\/index.php\/wp-json\/wp\/v2\/comments?post=5705"}],"version-history":[{"count":0,"href":"https:\/\/vocesdebaires.com.ar\/index.php\/wp-json\/wp\/v2\/posts\/5705\/revisions"}],"wp:featuredmedia":[{"embeddable":true,"href":"https:\/\/vocesdebaires.com.ar\/index.php\/wp-json\/wp\/v2\/media\/5706"}],"wp:attachment":[{"href":"https:\/\/vocesdebaires.com.ar\/index.php\/wp-json\/wp\/v2\/media?parent=5705"}],"wp:term":[{"taxonomy":"category","embeddable":true,"href":"https:\/\/vocesdebaires.com.ar\/index.php\/wp-json\/wp\/v2\/categories?post=5705"},{"taxonomy":"post_tag","embeddable":true,"href":"https:\/\/vocesdebaires.com.ar\/index.php\/wp-json\/wp\/v2\/tags?post=5705"}],"curies":[{"name":"wp","href":"https:\/\/api.w.org\/{rel}","templated":true}]}}