{"id":5789,"date":"2019-07-31T03:00:00","date_gmt":"2019-07-31T06:00:00","guid":{"rendered":"http:\/\/vocesdebaires.com.ar\/wordpress\/index.php\/2019\/07\/31\/defensoriaparticipo-en-el-cgp-de-villa-31\/"},"modified":"2019-07-31T03:00:00","modified_gmt":"2019-07-31T06:00:00","slug":"defensoriaparticipo-en-el-cgp-de-villa-31","status":"publish","type":"post","link":"https:\/\/vocesdebaires.com.ar\/index.php\/2019\/07\/31\/defensoriaparticipo-en-el-cgp-de-villa-31\/","title":{"rendered":"Defensor\u00eda:Participo En  el CGP  de Villa 31"},"content":{"rendered":"<p>El encuentro estuvo marcado por el pedido de los\/as vecinos\/as del Barrio Padre Carlos Mugica, que contin\u00faan con el reclamo de que se realicen las elecciones de los\/as Delegados\/as y Consejeros\/as del barrio, ya que quienes ocupan dichos cargos actualmente se encuentran con los mandatos vencidos. La fecha para la elecci\u00f3n de representantes del barrio se estableci\u00f3 para el a\u00f1o 2020 en\u00a0 la mesa de trabajo convocada por la Secretaria Ad Hoc del Fuero Contencioso Administrativo y Tributario Juzgado N\u00b0 4 con el fin de elaborar el cronograma electoral del barrio.<\/p>\n<p>En\u00a0 la reuni\u00f3n se avanz\u00f3 en la discusi\u00f3n del Reglamento Interno de Funcionamiento del CGP donde desde la Defensor\u00eda se realizar\u00e1n observaciones y propuestas de modificaci\u00f3n. Este trabajo continuar\u00e1 en las pr\u00f3ximas sesiones. La Defensor\u00eda del Pueblo es part\u00edcipe activa del Consejo de Gesti\u00f3n Participativa (CGP)\u00a0 seg\u00fan lo dispuesto en el art. 6\u00b0 de la ley 6.129, sobre reurbanizaci\u00f3n del barrio y su integraci\u00f3n con el resto de la Ciudad Aut\u00f3noma de Buenos Aires.<\/p>\n","protected":false},"excerpt":{"rendered":"<p>El encuentro estuvo marcado por el pedido de los\/as vecinos\/as del Barrio Padre Carlos Mugica, que contin\u00faan con el reclamo de que se realicen las elecciones de los\/as Delegados\/as y Consejeros\/as del barrio, ya que quienes ocupan dichos cargos actualmente se encuentran con los mandatos vencidos. La fecha para la elecci\u00f3n de representantes del barrio [&hellip;]<\/p>\n","protected":false},"author":1,"featured_media":5790,"comment_status":"open","ping_status":"open","sticky":false,"template":"","format":"standard","meta":{"_et_pb_use_builder":"","_et_pb_old_content":"","_et_gb_content_width":"","footnotes":""},"categories":[11,32],"tags":[],"class_list":["post-5789","post","type-post","status-publish","format-standard","has-post-thumbnail","hentry","category-ciudad","category-comunas"],"_links":{"self":[{"href":"https:\/\/vocesdebaires.com.ar\/index.php\/wp-json\/wp\/v2\/posts\/5789"}],"collection":[{"href":"https:\/\/vocesdebaires.com.ar\/index.php\/wp-json\/wp\/v2\/posts"}],"about":[{"href":"https:\/\/vocesdebaires.com.ar\/index.php\/wp-json\/wp\/v2\/types\/post"}],"author":[{"embeddable":true,"href":"https:\/\/vocesdebaires.com.ar\/index.php\/wp-json\/wp\/v2\/users\/1"}],"replies":[{"embeddable":true,"href":"https:\/\/vocesdebaires.com.ar\/index.php\/wp-json\/wp\/v2\/comments?post=5789"}],"version-history":[{"count":0,"href":"https:\/\/vocesdebaires.com.ar\/index.php\/wp-json\/wp\/v2\/posts\/5789\/revisions"}],"wp:featuredmedia":[{"embeddable":true,"href":"https:\/\/vocesdebaires.com.ar\/index.php\/wp-json\/wp\/v2\/media\/5790"}],"wp:attachment":[{"href":"https:\/\/vocesdebaires.com.ar\/index.php\/wp-json\/wp\/v2\/media?parent=5789"}],"wp:term":[{"taxonomy":"category","embeddable":true,"href":"https:\/\/vocesdebaires.com.ar\/index.php\/wp-json\/wp\/v2\/categories?post=5789"},{"taxonomy":"post_tag","embeddable":true,"href":"https:\/\/vocesdebaires.com.ar\/index.php\/wp-json\/wp\/v2\/tags?post=5789"}],"curies":[{"name":"wp","href":"https:\/\/api.w.org\/{rel}","templated":true}]}}