{"id":580,"date":"2020-01-23T03:58:28","date_gmt":"2020-01-23T06:58:28","guid":{"rendered":"http:\/\/vocesdebaires.com.ar\/wordpress\/index.php\/2020\/01\/23\/santilli-inauguro-nueva-sede-fuerzas-especiales\/"},"modified":"2020-01-23T03:58:28","modified_gmt":"2020-01-23T06:58:28","slug":"santilli-inauguro-nueva-sede-fuerzas-especiales","status":"publish","type":"post","link":"https:\/\/vocesdebaires.com.ar\/index.php\/2020\/01\/23\/santilli-inauguro-nueva-sede-fuerzas-especiales\/","title":{"rendered":"Santilli inaugur\u00f3 nueva sede Fuerzas Especiales"},"content":{"rendered":"<p>El vicejefe de Gobierno porte\u00f1o a cargo del Ministerio de Justicia y Seguridad, Diego Santilli, inaugur\u00f3 la nueva sede de las Fuerzas Especiales de la Polic\u00eda de la Ciudad en el barrio porte\u00f1o de Villa Lugano. \u201cPara m\u00ed, que hayamos construido esto es muy fuerte. Arriesgar la vida por otro es una actitud muy noble\u201d, sostuvo Santilli en el acto de inauguraci\u00f3n del predio de 890 metros cuadrados.<br \/>En un respaldo expl\u00edcito a los integrantes de la fuerza Santilli enfatiz\u00f3: \u201cSepan que pongo el cuerpo por ustedes como ustedes ponen el cuerpo todo los d\u00edas por todos nosotros. Tienen que sentir que sus dirigentes pol\u00edticos los est\u00e1n respaldando\u201d<\/p>\n<p>.Junto a Santilli estuvieron el secretario de Justicia y Seguridad porte\u00f1o, Marcelo D\u2019Alessandro, el jefe de la Polic\u00eda de la Ciudad, Gabriel Berard, y el titular de las Fuerzas Especiales, comisario inspector Guillermo Vassallo. Por su parte, D\u2019Alessandro consider\u00f3 \u201cun privilegio y un honor estar al frente pol\u00edticamente de los hombres y mujeres de esta unidad como los de toda la Polic\u00eda\u201d y record\u00f3 que lo llen\u00f3 de \u201corgullo\u201d el reconocimiento de fuerzas provinciales y de pa\u00edses extranjeros a la fuerza especial de la Polic\u00eda de la Ciudad. Para Berard, en tanto, los miembros de las fuerzas especiales \u201cson un ejemplo de superaci\u00f3n y profesionalismo\u201d.<\/p>\n<p>\u201cContamos con ustedes para este gran proyecto de polic\u00eda\u201d, agreg\u00f3 el jefe policial. El comisario inspector Vasallo record\u00f3 la historia de esta fuerza especial que tuvo su primer caso importante en setiembre de 2017 cuando logr\u00f3 poner a salvo a los polic\u00edas tomado de rehenes por dos delincuentes en Parque Chacabuco. \u00abA partir de ese d\u00eda naci\u00f3 una fuerza joven, que dej\u00f3 atr\u00e1s obsoletas estrategias de seguridad\u201d, dijo Vassallo. El edificio, ubicado en la intersecci\u00f3n de las avenidas Ana D\u00edaz y Larraz\u00e1bal, cuenta con una superficie de 890 metros cuadrados cubiertos.<\/p>\n<p>En el edificio hay dormitorios, vestuarios con lockers para 212 personas,\u00a0 una sala de m\u00e1quinas, oficinas de recepci\u00f3n, la log\u00edstica y \u00e1reas administrativas, adem\u00e1s de un SUM y una cocina. El Departamento Fuerzas Especiales de la Polic\u00eda de la Ciudad cuenta con 5 divisiones: Log\u00edstica, Negociaciones, Centro de Especialidades, Operaciones Especiales y K9. Sus miembros se perfeccionan en el uso, manejo y cuidado de armamentos, equipos y material explosivo, as\u00ed como el desarrollo de capacidades psicof\u00edsicas id\u00f3neas para afrontar contextos adversos en los m\u00e1s diversos \u00e1mbitos de actuaci\u00f3n, a fin de poder sortear h\u00e1bilmente situaciones l\u00edmite.<\/p>\n","protected":false},"excerpt":{"rendered":"<p>El vicejefe de Gobierno porte\u00f1o a cargo del Ministerio de Justicia y Seguridad, Diego Santilli, inaugur\u00f3 la nueva sede de las Fuerzas Especiales de la Polic\u00eda de la Ciudad en el barrio porte\u00f1o de Villa Lugano. \u201cPara m\u00ed, que hayamos construido esto es muy fuerte. Arriesgar la vida por otro es una actitud muy noble\u201d, [&hellip;]<\/p>\n","protected":false},"author":1,"featured_media":581,"comment_status":"open","ping_status":"open","sticky":false,"template":"","format":"standard","meta":{"_et_pb_use_builder":"","_et_pb_old_content":"","_et_gb_content_width":"","footnotes":""},"categories":[11,32],"tags":[],"class_list":["post-580","post","type-post","status-publish","format-standard","has-post-thumbnail","hentry","category-ciudad","category-comunas"],"_links":{"self":[{"href":"https:\/\/vocesdebaires.com.ar\/index.php\/wp-json\/wp\/v2\/posts\/580"}],"collection":[{"href":"https:\/\/vocesdebaires.com.ar\/index.php\/wp-json\/wp\/v2\/posts"}],"about":[{"href":"https:\/\/vocesdebaires.com.ar\/index.php\/wp-json\/wp\/v2\/types\/post"}],"author":[{"embeddable":true,"href":"https:\/\/vocesdebaires.com.ar\/index.php\/wp-json\/wp\/v2\/users\/1"}],"replies":[{"embeddable":true,"href":"https:\/\/vocesdebaires.com.ar\/index.php\/wp-json\/wp\/v2\/comments?post=580"}],"version-history":[{"count":0,"href":"https:\/\/vocesdebaires.com.ar\/index.php\/wp-json\/wp\/v2\/posts\/580\/revisions"}],"wp:featuredmedia":[{"embeddable":true,"href":"https:\/\/vocesdebaires.com.ar\/index.php\/wp-json\/wp\/v2\/media\/581"}],"wp:attachment":[{"href":"https:\/\/vocesdebaires.com.ar\/index.php\/wp-json\/wp\/v2\/media?parent=580"}],"wp:term":[{"taxonomy":"category","embeddable":true,"href":"https:\/\/vocesdebaires.com.ar\/index.php\/wp-json\/wp\/v2\/categories?post=580"},{"taxonomy":"post_tag","embeddable":true,"href":"https:\/\/vocesdebaires.com.ar\/index.php\/wp-json\/wp\/v2\/tags?post=580"}],"curies":[{"name":"wp","href":"https:\/\/api.w.org\/{rel}","templated":true}]}}