{"id":5812,"date":"2019-07-29T03:00:00","date_gmt":"2019-07-29T06:00:00","guid":{"rendered":"http:\/\/vocesdebaires.com.ar\/wordpress\/index.php\/2019\/07\/29\/ciudadinauguraron-muestra-flores-en-peron\/"},"modified":"2019-07-29T03:00:00","modified_gmt":"2019-07-29T06:00:00","slug":"ciudadinauguraron-muestra-flores-en-peron","status":"publish","type":"post","link":"https:\/\/vocesdebaires.com.ar\/index.php\/2019\/07\/29\/ciudadinauguraron-muestra-flores-en-peron\/","title":{"rendered":"Ciudad:Inauguraron muestra \u201cFlores en Per\u00f3n\u201d"},"content":{"rendered":"<p>Organizada por el artista Gustavo Lopez Armentia, este jueves se inaugur\u00f3 la muestra fotogr\u00e1fica \u201cFlores en Per\u00f3n, Per\u00f3n en Flores&quot;. La misma tiene lugar en la casa donde vivi\u00f3 Juan Domingo Per\u00f3n junto a sus padres en dicho barrio porte\u00f1o, en Gregorio de Laferrere 3259. \u201cPer\u00f3n representa la igualdad: queremos una Comuna 7, una Ciudad de Buenos Aires y una Argentina con igualdad, a trav\u00e9s de la justicia social\u201d, expres\u00f3 Juli\u00e1n Cappa, primer candidato a comunero por Frente de Todos, quien asisti\u00f3 junto a la candidata a diputada Paula Penacca y el candidato a legislador Tomas Lerner.<\/p>\n<p>Tambi\u00e9n estuvieron presentes en la inauguraci\u00f3n el c\u00e9lebre pianista Miguel \u00c1ngel Estrella; Ana Jaramillo, rectora de la UNLA; \u00c1ngel Prigano, historiador del barrio de Flores; Roberto D\u00b4Anna, director del Peri\u00f3dico Flores de Papel; Ulises Bertinetti, Juan Cruz Ayala y Miguel \u00c1ngel Viera, con quienes Cappa comparte la lista para integrar la Junta Comunal N\u00ba 7; Mariano Medina, Carlos Gullo, Gabriel Zicolillo, Alfredo Dotta y Ariel Palombi. Cabe destacar que en dicho espacio funciona el taller de trabajo del artista pl\u00e1stico L\u00f3pez Armentia \u2013quien fue nombrado personalidad destacada de la cultura por la Legislatura porte\u00f1a-, y el mismo fue declarado Sitio de Inter\u00e9s Cultural.<\/p>\n","protected":false},"excerpt":{"rendered":"<p>Organizada por el artista Gustavo Lopez Armentia, este jueves se inaugur\u00f3 la muestra fotogr\u00e1fica \u201cFlores en Per\u00f3n, Per\u00f3n en Flores&quot;. La misma tiene lugar en la casa donde vivi\u00f3 Juan Domingo Per\u00f3n junto a sus padres en dicho barrio porte\u00f1o, en Gregorio de Laferrere 3259. \u201cPer\u00f3n representa la igualdad: queremos una Comuna 7, una Ciudad [&hellip;]<\/p>\n","protected":false},"author":1,"featured_media":4715,"comment_status":"open","ping_status":"open","sticky":false,"template":"","format":"standard","meta":{"_et_pb_use_builder":"","_et_pb_old_content":"","_et_gb_content_width":"","footnotes":""},"categories":[11,32],"tags":[],"class_list":["post-5812","post","type-post","status-publish","format-standard","has-post-thumbnail","hentry","category-ciudad","category-comunas"],"_links":{"self":[{"href":"https:\/\/vocesdebaires.com.ar\/index.php\/wp-json\/wp\/v2\/posts\/5812"}],"collection":[{"href":"https:\/\/vocesdebaires.com.ar\/index.php\/wp-json\/wp\/v2\/posts"}],"about":[{"href":"https:\/\/vocesdebaires.com.ar\/index.php\/wp-json\/wp\/v2\/types\/post"}],"author":[{"embeddable":true,"href":"https:\/\/vocesdebaires.com.ar\/index.php\/wp-json\/wp\/v2\/users\/1"}],"replies":[{"embeddable":true,"href":"https:\/\/vocesdebaires.com.ar\/index.php\/wp-json\/wp\/v2\/comments?post=5812"}],"version-history":[{"count":0,"href":"https:\/\/vocesdebaires.com.ar\/index.php\/wp-json\/wp\/v2\/posts\/5812\/revisions"}],"wp:featuredmedia":[{"embeddable":true,"href":"https:\/\/vocesdebaires.com.ar\/index.php\/wp-json\/wp\/v2\/media\/4715"}],"wp:attachment":[{"href":"https:\/\/vocesdebaires.com.ar\/index.php\/wp-json\/wp\/v2\/media?parent=5812"}],"wp:term":[{"taxonomy":"category","embeddable":true,"href":"https:\/\/vocesdebaires.com.ar\/index.php\/wp-json\/wp\/v2\/categories?post=5812"},{"taxonomy":"post_tag","embeddable":true,"href":"https:\/\/vocesdebaires.com.ar\/index.php\/wp-json\/wp\/v2\/tags?post=5812"}],"curies":[{"name":"wp","href":"https:\/\/api.w.org\/{rel}","templated":true}]}}