{"id":5813,"date":"2019-07-29T03:00:00","date_gmt":"2019-07-29T06:00:00","guid":{"rendered":"http:\/\/vocesdebaires.com.ar\/wordpress\/index.php\/2019\/07\/29\/ciudad-recalde-recorrio-parque-chas\/"},"modified":"2019-07-29T03:00:00","modified_gmt":"2019-07-29T06:00:00","slug":"ciudad-recalde-recorrio-parque-chas","status":"publish","type":"post","link":"https:\/\/vocesdebaires.com.ar\/index.php\/2019\/07\/29\/ciudad-recalde-recorrio-parque-chas\/","title":{"rendered":"Ciudad: Recalde recorri\u00f3 Parque Chas"},"content":{"rendered":"<p>El pasado s\u00e1bado\u00a0 el candidato a senador nacional, Mariano Recalde, visit\u00f3 distintos comercios de Parque Chas y habl\u00f3 con los vecinos y vecinas del barrio. &quot;En toda la Ciudad se siente la esperanza&quot;, afirm\u00f3.Mariano Recalde escuch\u00f3 las problem\u00e1ticas y preocupaciones de los habitantes de la Comuna 15 y les cont\u00f3 las propuestas del Frente de Todos. Lo acompa\u00f1aron los candidatos a comuneros de Unidad Ciudadana, Leonardo Lucchese Di Leva y Marita Merzario, &quot;En cada barrio de la Ciudad se sienten las consecuencias de las pol\u00edticas de Macri y de Larreta, pero tambi\u00e9n mucha esperanza y entusiasmo por el futuro que estamos construyendo. Armamos un espacio amplio, plural y diverso y tenemos un gran candidato como Mat\u00edas Lammens. Este a\u00f1o le vamos a poner fin a los 12 a\u00f1os de macrismo en la Ciudad&quot;, expres\u00f3 Recalde tras la actividad.<\/p>\n","protected":false},"excerpt":{"rendered":"<p>El pasado s\u00e1bado\u00a0 el candidato a senador nacional, Mariano Recalde, visit\u00f3 distintos comercios de Parque Chas y habl\u00f3 con los vecinos y vecinas del barrio. &quot;En toda la Ciudad se siente la esperanza&quot;, afirm\u00f3.Mariano Recalde escuch\u00f3 las problem\u00e1ticas y preocupaciones de los habitantes de la Comuna 15 y les cont\u00f3 las propuestas del Frente de [&hellip;]<\/p>\n","protected":false},"author":1,"featured_media":5814,"comment_status":"open","ping_status":"open","sticky":false,"template":"","format":"standard","meta":{"_et_pb_use_builder":"","_et_pb_old_content":"","_et_gb_content_width":"","footnotes":""},"categories":[11,32],"tags":[],"class_list":["post-5813","post","type-post","status-publish","format-standard","has-post-thumbnail","hentry","category-ciudad","category-comunas"],"_links":{"self":[{"href":"https:\/\/vocesdebaires.com.ar\/index.php\/wp-json\/wp\/v2\/posts\/5813"}],"collection":[{"href":"https:\/\/vocesdebaires.com.ar\/index.php\/wp-json\/wp\/v2\/posts"}],"about":[{"href":"https:\/\/vocesdebaires.com.ar\/index.php\/wp-json\/wp\/v2\/types\/post"}],"author":[{"embeddable":true,"href":"https:\/\/vocesdebaires.com.ar\/index.php\/wp-json\/wp\/v2\/users\/1"}],"replies":[{"embeddable":true,"href":"https:\/\/vocesdebaires.com.ar\/index.php\/wp-json\/wp\/v2\/comments?post=5813"}],"version-history":[{"count":0,"href":"https:\/\/vocesdebaires.com.ar\/index.php\/wp-json\/wp\/v2\/posts\/5813\/revisions"}],"wp:featuredmedia":[{"embeddable":true,"href":"https:\/\/vocesdebaires.com.ar\/index.php\/wp-json\/wp\/v2\/media\/5814"}],"wp:attachment":[{"href":"https:\/\/vocesdebaires.com.ar\/index.php\/wp-json\/wp\/v2\/media?parent=5813"}],"wp:term":[{"taxonomy":"category","embeddable":true,"href":"https:\/\/vocesdebaires.com.ar\/index.php\/wp-json\/wp\/v2\/categories?post=5813"},{"taxonomy":"post_tag","embeddable":true,"href":"https:\/\/vocesdebaires.com.ar\/index.php\/wp-json\/wp\/v2\/tags?post=5813"}],"curies":[{"name":"wp","href":"https:\/\/api.w.org\/{rel}","templated":true}]}}