{"id":5823,"date":"2019-07-29T03:00:00","date_gmt":"2019-07-29T06:00:00","guid":{"rendered":"http:\/\/vocesdebaires.com.ar\/wordpress\/index.php\/2019\/07\/29\/grupo-infantil-declarado-de-interes-cultural\/"},"modified":"2019-07-29T03:00:00","modified_gmt":"2019-07-29T06:00:00","slug":"grupo-infantil-declarado-de-interes-cultural","status":"publish","type":"post","link":"https:\/\/vocesdebaires.com.ar\/index.php\/2019\/07\/29\/grupo-infantil-declarado-de-interes-cultural\/","title":{"rendered":"Grupo infantil  declarado de inter\u00e9s cultural"},"content":{"rendered":"<p>El reconocido grupo de m\u00fasica infantil \u201cCanticu\u00e9nticos\u201d fue declarado de inter\u00e9s cultural para la ciudad de Buenos Aires a partir de una iniciativa del legislador Santiago Roberto (Bloque Peronista) , m\u00e1s de 150 chicos disfrutaron del emotivo evento que se realiz\u00f3 en el sal\u00f3n San Mart\u00edn de la Legislatura porte\u00f1a el pasado viernes por la tarde \u2013 noche.\u00a0 En este marco, el legislador Roberto expres\u00f3 que \u201c&#8217;Canticu\u00e9nticos&#8217; realiza un valioso aporte al cancionero infantil, con composiciones propias sobre ritmos argentinos y latinoamericanos, vinculando a los chicos con su patrimonio cultural. Por eso destacamos su m\u00fasica de calidad, pensada desde y para la infancia, y que adem\u00e1s convoca a toda la familia\u201d.<\/p>\n<p>Emocionado, Daniel Bianchi, uno de los integrantes del grupo, expres\u00f3 que la declaraci\u00f3n de inter\u00e9s cultural \u201ces una sorpresa que no ten\u00edamos pensada\u201d y dijo que a los Canticu\u00e9nticos \u201cnos gusta hablar con nuestra tonada, con nuestro propio lenguaje, sumado a tocar con ritmos folcl\u00f3ricos. Esa es nuestra forma de militar desde el arte\u201d. Por su parte, Ruth Hillar, una de las voces de \u201cCanticu\u00e9nticos\u201d, relat\u00f3 que \u201ctambi\u00e9n hay muchos reconocimientos que no se ven y que son los que nos mantienen en marcha, como los que nos cuentan mam\u00e1s, pap\u00e1s o docentes, cuando una nena con alg\u00fan problema psicomotriz pudo hacer un avance gracias a nuestra m\u00fasica, o que alg\u00fan nene se anim\u00f3 a contar un secreto doloroso a partir de la canci\u00f3n \u2018Hay secretos\u2019\u201d.<\/p>\n<p>En su presentaci\u00f3n en la Legislatura porte\u00f1a, Hillar y Bianchi, junto a los dem\u00e1s integrantes del grupo, Daniela Ranallo, Laura Ib\u00e1\u00f1ez, Gonzalo Carmel\u00e9, Nahuel Ramayo y Sebasti\u00e1n C\u00faneo, interpretaron en vivo algunos de sus populares temas como \u201cEl mamboret\u00e1\u201d, \u201cQuiero para m\u00ed\u201d, \u201cUn remolino\u201d y \u201cEl monstruo de la laguna\u201d. Con 10 a\u00f1os de trayectoria, el grupo musical oriundo de la provincia de Santa Fe, compuso adem\u00e1s la reconocida canci\u00f3n &quot;Hay secretos&quot;, que aborda la problem\u00e1tica de un tema tan sensible y complejo como es el abuso sexual infantil, y que hoy forma parte de los contenidos que promueve la Ley nacional N\u00b0 26.150 de Educaci\u00f3n Sexual Integral (ESI).<\/p>\n<p>La m\u00fasica de \u201cCanticu\u00e9nticos\u201d se canta, se baila y se escucha en miles de escuelas y jardines del pa\u00eds, y sus videos, como por ejemplo, \u201cLa cumbia del monstruo\u201d y \u201cNoni noni\u201d, acumulan m\u00e1s de 145 millones de vistas en su canal de YouTube. Llevan editados cuatro CD\u00b4s con canciones originales y han recorrido gran parte de la Argentina y Am\u00e9rica Latina, realizando m\u00e1s de mil conciertos con una propuesta original, alejada de los estereotipos, que combina diversi\u00f3n con emociones profundas.<\/p>\n","protected":false},"excerpt":{"rendered":"<p>El reconocido grupo de m\u00fasica infantil \u201cCanticu\u00e9nticos\u201d fue declarado de inter\u00e9s cultural para la ciudad de Buenos Aires a partir de una iniciativa del legislador Santiago Roberto (Bloque Peronista) , m\u00e1s de 150 chicos disfrutaron del emotivo evento que se realiz\u00f3 en el sal\u00f3n San Mart\u00edn de la Legislatura porte\u00f1a el pasado viernes por la [&hellip;]<\/p>\n","protected":false},"author":1,"featured_media":5824,"comment_status":"open","ping_status":"open","sticky":false,"template":"","format":"standard","meta":{"_et_pb_use_builder":"","_et_pb_old_content":"","_et_gb_content_width":"","footnotes":""},"categories":[11,33],"tags":[],"class_list":["post-5823","post","type-post","status-publish","format-standard","has-post-thumbnail","hentry","category-ciudad","category-sociedad-y-cultura-2"],"_links":{"self":[{"href":"https:\/\/vocesdebaires.com.ar\/index.php\/wp-json\/wp\/v2\/posts\/5823"}],"collection":[{"href":"https:\/\/vocesdebaires.com.ar\/index.php\/wp-json\/wp\/v2\/posts"}],"about":[{"href":"https:\/\/vocesdebaires.com.ar\/index.php\/wp-json\/wp\/v2\/types\/post"}],"author":[{"embeddable":true,"href":"https:\/\/vocesdebaires.com.ar\/index.php\/wp-json\/wp\/v2\/users\/1"}],"replies":[{"embeddable":true,"href":"https:\/\/vocesdebaires.com.ar\/index.php\/wp-json\/wp\/v2\/comments?post=5823"}],"version-history":[{"count":0,"href":"https:\/\/vocesdebaires.com.ar\/index.php\/wp-json\/wp\/v2\/posts\/5823\/revisions"}],"wp:featuredmedia":[{"embeddable":true,"href":"https:\/\/vocesdebaires.com.ar\/index.php\/wp-json\/wp\/v2\/media\/5824"}],"wp:attachment":[{"href":"https:\/\/vocesdebaires.com.ar\/index.php\/wp-json\/wp\/v2\/media?parent=5823"}],"wp:term":[{"taxonomy":"category","embeddable":true,"href":"https:\/\/vocesdebaires.com.ar\/index.php\/wp-json\/wp\/v2\/categories?post=5823"},{"taxonomy":"post_tag","embeddable":true,"href":"https:\/\/vocesdebaires.com.ar\/index.php\/wp-json\/wp\/v2\/tags?post=5823"}],"curies":[{"name":"wp","href":"https:\/\/api.w.org\/{rel}","templated":true}]}}