{"id":5827,"date":"2019-07-29T03:00:00","date_gmt":"2019-07-29T06:00:00","guid":{"rendered":"http:\/\/vocesdebaires.com.ar\/wordpress\/index.php\/2019\/07\/29\/paciente-ordenan-el-acceso-a-medicacion\/"},"modified":"2019-07-29T03:00:00","modified_gmt":"2019-07-29T06:00:00","slug":"paciente-ordenan-el-acceso-a-medicacion","status":"publish","type":"post","link":"https:\/\/vocesdebaires.com.ar\/index.php\/2019\/07\/29\/paciente-ordenan-el-acceso-a-medicacion\/","title":{"rendered":"Paciente: Ordenan  el acceso a medicaci\u00f3n"},"content":{"rendered":"<p>El titular del Juzgado N\u00b0 5 en lo Contencioso Administrativo y Tributario, Mart\u00edn Converset, hizo lugar a la medida cautelar solicitada por una mujer sola con discapacidad que se encuentra en una situaci\u00f3n de vulnerabilidad social, que est\u00e1 afiliada desde 2007 al Programa Federal Incluir Salud; y cuyas afecciones requieren de medicaci\u00f3n que se encontrar\u00eda cubierta por el Plan M\u00e9dico Obligatorio. Todo ello en el marco de la causa \u00abM., A.J contra GCBA y Otros sobre Amparo \u2013Salud \u2013 Medicamentos y Tratamientos. Raz\u00f3n por la cual, sus m\u00e9dicos le indicaron para el tratamiento de la poliartritis con deformidad articular que padece, el medicamento Baricitinib o bien, Tofacitinib y que, la demandada, hasta el momento de interposici\u00f3n de la presente acci\u00f3n, no se lo habr\u00eda prove\u00eddo, toda vez que su medicaci\u00f3n estar\u00eda garantizada por la ley de Prestaciones B\u00e1sicas de las personas con discapacidad.<\/p>\n<p>El magistrado record\u00f3 que el derecho a la salud se encuentra \u00edntimamente relacionado con el derecho a la vida y el principio de la autonom\u00eda personal\u00bb. Y a su vez, apel\u00f3 tambi\u00e9n a los tratados internacionales con jerarqu\u00eda constitucional que reconocen el derecho de todas las personas a disfrutar el m\u00e1s alto nivel posible de salud f\u00edsica y mental, as\u00ed como el deber de los estados partes de procurar su satisfacci\u00f3n. Por \u00faltimo, argument\u00f3 que es la Constituci\u00f3n local la que en su art\u00edculo 20, garantiza el derecho a la salud integral.<\/p>\n<p>La amparista que cuenta con el patrocinio del Ministerio P\u00fablico de la Defensa, padece \u201chepatitis autoinmune\u201d, \u201clupus eritematoso sist\u00e9mico\u201d, ataques de p\u00e1nico, PPD+ tuberculosis y perforaci\u00f3n intestinal por enfermedad diverticular complicada con reemplazo total de cadera izquierda, y se\u00f1al\u00f3 que el costo de la medicaci\u00f3n que necesita asciende a la suma de sesenta y cinco mil pesos ($65.000), siendo sus \u00fanicos ingresos fijos los provenientes de la pensi\u00f3n no contributiva por la que percibe la cuma mensual de siete mil pesos ($7.000). Su primera solicitud ingres\u00f3 el 26 de noviembre de 2018, sin que obre en autos contestaci\u00f3n alguna con relaci\u00f3n a ello. Y los res\u00famenes de la historia cl\u00ednica del Instituto de Rehabilitaci\u00f3n Psicof\u00edsica dependiente del Ministerio de Salud del GCBA, que datan de febrero y mayo del corriente a\u00f1o, confirman el diagn\u00f3stico; como as\u00ed tambi\u00e9n los que elabor\u00f3 el perito m\u00e9dico de la Defensor\u00eda General del Poder Judicial porte\u00f1o.-<\/p>\n","protected":false},"excerpt":{"rendered":"<p>El titular del Juzgado N\u00b0 5 en lo Contencioso Administrativo y Tributario, Mart\u00edn Converset, hizo lugar a la medida cautelar solicitada por una mujer sola con discapacidad que se encuentra en una situaci\u00f3n de vulnerabilidad social, que est\u00e1 afiliada desde 2007 al Programa Federal Incluir Salud; y cuyas afecciones requieren de medicaci\u00f3n que se encontrar\u00eda [&hellip;]<\/p>\n","protected":false},"author":1,"featured_media":5828,"comment_status":"open","ping_status":"open","sticky":false,"template":"","format":"standard","meta":{"_et_pb_use_builder":"","_et_pb_old_content":"","_et_gb_content_width":"","footnotes":""},"categories":[11,33],"tags":[],"class_list":["post-5827","post","type-post","status-publish","format-standard","has-post-thumbnail","hentry","category-ciudad","category-sociedad-y-cultura-2"],"_links":{"self":[{"href":"https:\/\/vocesdebaires.com.ar\/index.php\/wp-json\/wp\/v2\/posts\/5827"}],"collection":[{"href":"https:\/\/vocesdebaires.com.ar\/index.php\/wp-json\/wp\/v2\/posts"}],"about":[{"href":"https:\/\/vocesdebaires.com.ar\/index.php\/wp-json\/wp\/v2\/types\/post"}],"author":[{"embeddable":true,"href":"https:\/\/vocesdebaires.com.ar\/index.php\/wp-json\/wp\/v2\/users\/1"}],"replies":[{"embeddable":true,"href":"https:\/\/vocesdebaires.com.ar\/index.php\/wp-json\/wp\/v2\/comments?post=5827"}],"version-history":[{"count":0,"href":"https:\/\/vocesdebaires.com.ar\/index.php\/wp-json\/wp\/v2\/posts\/5827\/revisions"}],"wp:featuredmedia":[{"embeddable":true,"href":"https:\/\/vocesdebaires.com.ar\/index.php\/wp-json\/wp\/v2\/media\/5828"}],"wp:attachment":[{"href":"https:\/\/vocesdebaires.com.ar\/index.php\/wp-json\/wp\/v2\/media?parent=5827"}],"wp:term":[{"taxonomy":"category","embeddable":true,"href":"https:\/\/vocesdebaires.com.ar\/index.php\/wp-json\/wp\/v2\/categories?post=5827"},{"taxonomy":"post_tag","embeddable":true,"href":"https:\/\/vocesdebaires.com.ar\/index.php\/wp-json\/wp\/v2\/tags?post=5827"}],"curies":[{"name":"wp","href":"https:\/\/api.w.org\/{rel}","templated":true}]}}