{"id":5850,"date":"2019-07-25T03:00:00","date_gmt":"2019-07-25T06:00:00","guid":{"rendered":"http:\/\/vocesdebaires.com.ar\/wordpress\/index.php\/2019\/07\/25\/legislatura-programa-recorre-canchitas-del-pais\/"},"modified":"2019-07-25T03:00:00","modified_gmt":"2019-07-25T06:00:00","slug":"legislatura-programa-recorre-canchitas-del-pais","status":"publish","type":"post","link":"https:\/\/vocesdebaires.com.ar\/index.php\/2019\/07\/25\/legislatura-programa-recorre-canchitas-del-pais\/","title":{"rendered":"Legislatura: Programa recorre  canchitas del Pa\u00eds"},"content":{"rendered":"<p>Hoy a partir de a las 17, en el sal\u00f3n Dorado, la Legislatura de la Ciudad declarar\u00e1 de inter\u00e9s deportivo y social al programa \u201cQue vuelvan los potreros\u201d, que se emite por la TV P\u00fablica. El proyecto fue presentado por el Vicepresidente I de la Legislatura, Francisco Quintana.El programa es un docu-reality que recorre las canchitas de todo el pa\u00eds para crear la Selecci\u00f3n Argentina de Potreros. El objetivo es rescatar la esencia del f\u00fatbol argentino y destacar al deporte m\u00e1s popular del planeta como herramienta de inclusi\u00f3n e integraci\u00f3n.Con la conducci\u00f3n de Cecilio Flemati, \u201cQue vuelvan los potreros\u201d refleja el entorno social y cultural de cada uno de los chicos que protagonizan los cap\u00edtulos. La Asociaci\u00f3n del F\u00fatbol Argentino apoya institucionalmente esta iniciativa<\/p>\n","protected":false},"excerpt":{"rendered":"<p>Hoy a partir de a las 17, en el sal\u00f3n Dorado, la Legislatura de la Ciudad declarar\u00e1 de inter\u00e9s deportivo y social al programa \u201cQue vuelvan los potreros\u201d, que se emite por la TV P\u00fablica. El proyecto fue presentado por el Vicepresidente I de la Legislatura, Francisco Quintana.El programa es un docu-reality que recorre las [&hellip;]<\/p>\n","protected":false},"author":1,"featured_media":4262,"comment_status":"open","ping_status":"open","sticky":false,"template":"","format":"standard","meta":{"_et_pb_use_builder":"","_et_pb_old_content":"","_et_gb_content_width":"","footnotes":""},"categories":[11,33],"tags":[],"class_list":["post-5850","post","type-post","status-publish","format-standard","has-post-thumbnail","hentry","category-ciudad","category-sociedad-y-cultura-2"],"_links":{"self":[{"href":"https:\/\/vocesdebaires.com.ar\/index.php\/wp-json\/wp\/v2\/posts\/5850"}],"collection":[{"href":"https:\/\/vocesdebaires.com.ar\/index.php\/wp-json\/wp\/v2\/posts"}],"about":[{"href":"https:\/\/vocesdebaires.com.ar\/index.php\/wp-json\/wp\/v2\/types\/post"}],"author":[{"embeddable":true,"href":"https:\/\/vocesdebaires.com.ar\/index.php\/wp-json\/wp\/v2\/users\/1"}],"replies":[{"embeddable":true,"href":"https:\/\/vocesdebaires.com.ar\/index.php\/wp-json\/wp\/v2\/comments?post=5850"}],"version-history":[{"count":0,"href":"https:\/\/vocesdebaires.com.ar\/index.php\/wp-json\/wp\/v2\/posts\/5850\/revisions"}],"wp:featuredmedia":[{"embeddable":true,"href":"https:\/\/vocesdebaires.com.ar\/index.php\/wp-json\/wp\/v2\/media\/4262"}],"wp:attachment":[{"href":"https:\/\/vocesdebaires.com.ar\/index.php\/wp-json\/wp\/v2\/media?parent=5850"}],"wp:term":[{"taxonomy":"category","embeddable":true,"href":"https:\/\/vocesdebaires.com.ar\/index.php\/wp-json\/wp\/v2\/categories?post=5850"},{"taxonomy":"post_tag","embeddable":true,"href":"https:\/\/vocesdebaires.com.ar\/index.php\/wp-json\/wp\/v2\/tags?post=5850"}],"curies":[{"name":"wp","href":"https:\/\/api.w.org\/{rel}","templated":true}]}}