{"id":5861,"date":"2019-07-24T03:00:00","date_gmt":"2019-07-24T06:00:00","guid":{"rendered":"http:\/\/vocesdebaires.com.ar\/wordpress\/index.php\/2019\/07\/24\/plaza-houssaypresentaron-la-puesta-en-valor\/"},"modified":"2019-07-24T03:00:00","modified_gmt":"2019-07-24T06:00:00","slug":"plaza-houssaypresentaron-la-puesta-en-valor","status":"publish","type":"post","link":"https:\/\/vocesdebaires.com.ar\/index.php\/2019\/07\/24\/plaza-houssaypresentaron-la-puesta-en-valor\/","title":{"rendered":"Plaza Houssay:Presentaron la puesta en valor"},"content":{"rendered":"<p>El jefe de Gabinete porte\u00f1o, Felipe Miguel, present\u00f3 este martes la puesta en valor de la Plaza Houssay, que incorpora nuevos espacios gastron\u00f3micos, culturales, recreativos y comerciales para todos los estudiantes y vecinos de la Ciudad. Miguel destac\u00f3 que \u201ccon esta obra, a todo el espacio verde que ya ten\u00edamos en esta plaza le estamos sumando 1.300 metros cuadrados para que todos, los estudiantes y los vecinos, puedan acercarse a leer un libro, a tomar mate o a estudiar\u201d. Tambi\u00e9n se\u00f1al\u00f3 que se agrand\u00f3 el Campus BA \u201cpara que m\u00e1s estudiantes se acerquen y compartan un momento con los todos los servicios que van a estar ah\u00ed: wi-fi, mesas para estudiar, la presencia de la Direcci\u00f3n de Juventud para que puedan asesorarse en la b\u00fasqueda de empleo\u201d.<\/p>\n<p>El Jefe de Gabinete porte\u00f1o dijo adem\u00e1s que \u201cesta transformaci\u00f3n de la iluminaci\u00f3n pero tambi\u00e9n de la actividad hace que la zona sea m\u00e1s segura\u201d, y por otro lado, cont\u00f3 que \u201cse incluy\u00f3 tambi\u00e9n una exigencia obligatoria para los comercios que se sit\u00faan en esta zona, que es que como m\u00ednimo van a tener que estar abiertos hasta las 23\u201d. \u201cJuntos tomamos el compromiso cuando empezamos este gobierno de sumarle a la Ciudad de Buenos Aires 110 manzanas de espacio p\u00fablico y de espacio verde, y lo estamos logrando\u201d, asegur\u00f3.<\/p>\n<p>Tambi\u00e9n asistieron a la presentaci\u00f3n el subsecretario de Proyectos del Ministerio de Desarrollo Urbano y Transporte de la Ciudad, \u00c1lvaro Garc\u00eda Resta, y el rector de la UBA, Alberto Barbieri.<br \/>Garc\u00eda Resta sostuvo que \u201cesta transformaci\u00f3n de fondo tiene que ver con hacer una plaza para el disfrute de todos los vecinos, aumentar la superficie del espacio verde y p\u00fablico, adem\u00e1s de tener actividades complementarias para extender el uso productivo, las noches, lo fines de semana, los veranos, que son los momentos donde el espacio p\u00fablico, en el medio de un campus universitario como este, est\u00e1 menos utilizado\u201d.<\/p>\n<p>En tanto, Barbieri consider\u00f3 que \u201ces una alegr\u00eda ver que esta plaza vuelve a ser una plaza que se puede integrar a la vida universitaria y no con el concepto del \u00faltimo dise\u00f1o de la \u00e9poca de la dictadura militar, que era un concepto para que los estudiantes no estuvieran en la plaza\u201d. El rector asegur\u00f3 que \u201cac\u00e1 va a haber m\u00e1s de 180.000 personas relacionadas con la Universidad de Buenos Aires\u201d, adem\u00e1s de los vecinos de la Ciudad. La plaza se ubica entre las calles Jun\u00edn, C\u00f3rdoba, Uriburu y Paraguay, frente a las facultades de Medicina, Farmacia, Odontolog\u00eda y Econ\u00f3micas de la Universidad de Buenos Aires.<\/p>\n<p>Desde la vereda de C\u00f3rdoba, uno de los sectores de la plaza se inclina levemente hacia el centro creando un anfiteatro natural, lo que permite una gran diversidad de actividades. Al mismo tiempo, el sector va a funcionar como acceso directo al subte de la L\u00ednea D y a los estacionamientos del subsuelo. Adem\u00e1s, hay una cancha de f\u00fatbol, una de b\u00e1squet y postas aer\u00f3bicas. Desde el hall de la Estaci\u00f3n Facultad de Medicina habr\u00e1 un acceso directo al espacio descubierto del primer subsuelo, a trav\u00e9s de una escalera. De todos modos, las personas que necesiten utilizar ascensor, van a poder hacerlo desde el hall de la Avenida C\u00f3rdoba.<\/p>\n<p>El centro de estudios, conocido como Campus BA, va a seguir ubicado en el mismo lugar. Adem\u00e1s, se instal\u00f3 una estaci\u00f3n saludable, una estaci\u00f3n de Ecobici y se traz\u00f3 una bicisenda. Asimismo, los feriantes van a tener un espacio asignado en la entrada por la ochava de Jun\u00edn y C\u00f3rdoba. En el primer subsuelo de la plaza se encuentra el \u201cCampus Urbano\u201d, que va a contar con nuevos emprendimientos recreativos, culturales, comerciales y gastron\u00f3micos: Mc Donald\u2019s, Pani, Antares, Tostado y Freddo. Adem\u00e1s, va a contar con cuatro salas de cine con capacidad para 700 personas.<\/p>\n<p>Al mismo tiempo, va a tener patios abiertos bajo nivel para aportar iluminaci\u00f3n natural. En tanto, el segundo subsuelo va a seguir funcionando como una playa de estacionamiento con lugar para 600 veh\u00edculos. Con estos trabajos se mejor\u00f3 la seguridad de la zona, promoviendo el uso del espacio, el horario extendido de los locales y el aumento de la iluminaci\u00f3n en la plaza.<br \/>Se sumaron ofertas culturales y comerciales a estudiantes y vecinos; se pusieron en funcionamiento los espacios del subsuelo de la plaza; se generaron nuevos puestos de trabajo por la activaci\u00f3n comercial, y se mejor\u00f3 el acceso a la Estaci\u00f3n Facultad de Medicina, de la L\u00ednea D de Subte.<\/p>\n<p>Foto de Charo Lorenzo \/ Prensa GCBA \/ mig<\/p>\n","protected":false},"excerpt":{"rendered":"<p>El jefe de Gabinete porte\u00f1o, Felipe Miguel, present\u00f3 este martes la puesta en valor de la Plaza Houssay, que incorpora nuevos espacios gastron\u00f3micos, culturales, recreativos y comerciales para todos los estudiantes y vecinos de la Ciudad. Miguel destac\u00f3 que \u201ccon esta obra, a todo el espacio verde que ya ten\u00edamos en esta plaza le estamos [&hellip;]<\/p>\n","protected":false},"author":1,"featured_media":5862,"comment_status":"open","ping_status":"open","sticky":false,"template":"","format":"standard","meta":{"_et_pb_use_builder":"","_et_pb_old_content":"","_et_gb_content_width":"","footnotes":""},"categories":[11,32],"tags":[],"class_list":["post-5861","post","type-post","status-publish","format-standard","has-post-thumbnail","hentry","category-ciudad","category-comunas"],"_links":{"self":[{"href":"https:\/\/vocesdebaires.com.ar\/index.php\/wp-json\/wp\/v2\/posts\/5861"}],"collection":[{"href":"https:\/\/vocesdebaires.com.ar\/index.php\/wp-json\/wp\/v2\/posts"}],"about":[{"href":"https:\/\/vocesdebaires.com.ar\/index.php\/wp-json\/wp\/v2\/types\/post"}],"author":[{"embeddable":true,"href":"https:\/\/vocesdebaires.com.ar\/index.php\/wp-json\/wp\/v2\/users\/1"}],"replies":[{"embeddable":true,"href":"https:\/\/vocesdebaires.com.ar\/index.php\/wp-json\/wp\/v2\/comments?post=5861"}],"version-history":[{"count":0,"href":"https:\/\/vocesdebaires.com.ar\/index.php\/wp-json\/wp\/v2\/posts\/5861\/revisions"}],"wp:featuredmedia":[{"embeddable":true,"href":"https:\/\/vocesdebaires.com.ar\/index.php\/wp-json\/wp\/v2\/media\/5862"}],"wp:attachment":[{"href":"https:\/\/vocesdebaires.com.ar\/index.php\/wp-json\/wp\/v2\/media?parent=5861"}],"wp:term":[{"taxonomy":"category","embeddable":true,"href":"https:\/\/vocesdebaires.com.ar\/index.php\/wp-json\/wp\/v2\/categories?post=5861"},{"taxonomy":"post_tag","embeddable":true,"href":"https:\/\/vocesdebaires.com.ar\/index.php\/wp-json\/wp\/v2\/tags?post=5861"}],"curies":[{"name":"wp","href":"https:\/\/api.w.org\/{rel}","templated":true}]}}