{"id":587,"date":"2020-01-22T03:00:00","date_gmt":"2020-01-22T06:00:00","guid":{"rendered":"http:\/\/vocesdebaires.com.ar\/wordpress\/index.php\/2020\/01\/22\/ciudad-llego-la-feria-en-bici\/"},"modified":"2020-01-22T03:00:00","modified_gmt":"2020-01-22T06:00:00","slug":"ciudad-llego-la-feria-en-bici","status":"publish","type":"post","link":"https:\/\/vocesdebaires.com.ar\/index.php\/2020\/01\/22\/ciudad-llego-la-feria-en-bici\/","title":{"rendered":"Ciudad: Lleg\u00f3 la feria en bici"},"content":{"rendered":"<p>Comenz\u00f3 a funcionar en la Ciudad la \u201cFeria en Bici\u201d, que ser\u00e1 la feria n\u00famero 39 que hay en 179 emplazamientos, distribuidos en las 15 comunas porte\u00f1as. La misma est\u00e1 constituida por cuatro bici puestos, liderados por 10 feriantes de los barrios 31 y Rodrigo Bueno. La Feria en Bici funcionar\u00e1 de lunes a viernes de 9 a 19 hs en distintos puntos de la Ciudad: los lunes en la Plaza H\u00e9roes de Malvinas (Defensa y Alsina); los martes en la Plaza Roberto Arlt (Av. Rivadavia y Esmeralda); los mi\u00e9rcoles en la Plaza San Nicol\u00e1s (Av. Corrientes entre Reconquista y San Mart\u00edn); los jueves en Av. Santa Fe entre Esmeralda y Maip\u00fa; y los viernes en Av. Leandro Alem entre Lavalle y Tucum\u00e1n.<\/p>\n<p>Los productos que se pueden encontrar son: fruta fresca o ensaladas de frutas; bebidas, jugos y helados; frutos secos y snacks saludables y viandas vegetarianas\/veganas. Se puede abonar en efectivo, con posnet, a trav\u00e9s de Mercado Pago, y con la tarjeta Ciudadan\u00eda Porte\u00f1a. \u201cSeguimos priorizando la expansi\u00f3n y el crecimiento de las Ferias de la Ciudad. Con la incorporaci\u00f3n de este nuevo tipo de Feria en Bici adem\u00e1s de brindar productos de calidad y buen precio, buscamos que los puestos sean m\u00e1s sustentables para seguir cuidando el ambiente\u201d. Sostuvo Clara Muzzio, ministra de Espacio P\u00fablico e Higiene Urbana. Y agreg\u00f3, \u201cSabemos que diariamente a cada FIAB asisten aproximadamente 800 vecinos, es por eso que agregamos otros horarios para que tengan m\u00e1s opciones a la hora de hacer sus compras\u201d.<\/p>\n<p>Por otra parte, el fin de semana pasado\u00a0 se realiz\u00f3 una nueva edici\u00f3n de Ferias con horario nocturno: estuvo en BA Market en Villa del Parque (Plaza Arist\u00f3bulo del Valle). Y\u00a0 la Feria \u201cSabe la Tierra\u201d el pasado viernes en Almagro (Paseo La Victoria, Av. La Plata y Rivadavia), y el pasado s\u00e1bado en Barracas (Plaza Colombia, Av. Montes de Oca y Pinz\u00f3n). Buenos Aires Market es un mercado de la ciudad de Buenos Aires dedicado a alimentos saludables para toda la familia. Se realiza durante un fin de semana por mes y convoca a los principales productores de alimentos org\u00e1nicos y saludables de la Argentina. Con acceso libre y gratuito, ofrece la posibilidad de degustar sin cargo y comprar a precio promocional, alimentos, bebidas naturales.<\/p>\n<p>Quienes se acerquen a BA Market podr\u00e1n encontrar un sector de mercado para degustar y adquirir m\u00e1s de 1000 productos. Entre ellos, quesos, aceites, frutas y verduras, panificados, cereales, semillas, encurtidos, conservas, especias, infusiones, dulces, pastas, snacks, plantas arom\u00e1ticas, delicatessen, alimentos de granja y sin TACC, provenientes de productores de Buenos Aires y otros puntos del pa\u00eds. A su vez, habr\u00e1 un espacio para comer con atractivas propuestas gastron\u00f3micas de diferentes pa\u00edses. Sabe La Tierra es un concepto de Mercado de Productores (natural + org\u00e1nico + sustentable). Se trata de un espacio de intercambio directo entre productores y consumidores, en el que se articula la producci\u00f3n org\u00e1nica, natural y agroecol\u00f3gica con el comercio justo y el consumo consciente.<\/p>\n<p>En esta feria se pueden encontrar muchos productos y alimentos para llevar a cabo una vida saludable, entre ellos: semillas, plantines, textiles, lanas artesanales, objetos de dise\u00f1o sustentable, bebidas, frutas y verduras, pollo, huevos, quesos, panes, dulces, productos de cosm\u00e9tica, higiene y limpieza, huerta y jardiner\u00eda. Adem\u00e1s la feria ofrece actividades, talleres y charlas gratuitas relacionadas a tem\u00e1ticas sustentables. Este tipo de feria se encarga de cuidar el proceso de los alimentos, realizando su producci\u00f3n sin pesticidas ni conservantes artificiales. Sus productos van directo del productor al consumidor.<\/p>\n","protected":false},"excerpt":{"rendered":"<p>Comenz\u00f3 a funcionar en la Ciudad la \u201cFeria en Bici\u201d, que ser\u00e1 la feria n\u00famero 39 que hay en 179 emplazamientos, distribuidos en las 15 comunas porte\u00f1as. La misma est\u00e1 constituida por cuatro bici puestos, liderados por 10 feriantes de los barrios 31 y Rodrigo Bueno. La Feria en Bici funcionar\u00e1 de lunes a viernes [&hellip;]<\/p>\n","protected":false},"author":1,"featured_media":588,"comment_status":"open","ping_status":"open","sticky":false,"template":"","format":"standard","meta":{"_et_pb_use_builder":"","_et_pb_old_content":"","_et_gb_content_width":"","footnotes":""},"categories":[11,32],"tags":[],"class_list":["post-587","post","type-post","status-publish","format-standard","has-post-thumbnail","hentry","category-ciudad","category-comunas"],"_links":{"self":[{"href":"https:\/\/vocesdebaires.com.ar\/index.php\/wp-json\/wp\/v2\/posts\/587"}],"collection":[{"href":"https:\/\/vocesdebaires.com.ar\/index.php\/wp-json\/wp\/v2\/posts"}],"about":[{"href":"https:\/\/vocesdebaires.com.ar\/index.php\/wp-json\/wp\/v2\/types\/post"}],"author":[{"embeddable":true,"href":"https:\/\/vocesdebaires.com.ar\/index.php\/wp-json\/wp\/v2\/users\/1"}],"replies":[{"embeddable":true,"href":"https:\/\/vocesdebaires.com.ar\/index.php\/wp-json\/wp\/v2\/comments?post=587"}],"version-history":[{"count":0,"href":"https:\/\/vocesdebaires.com.ar\/index.php\/wp-json\/wp\/v2\/posts\/587\/revisions"}],"wp:featuredmedia":[{"embeddable":true,"href":"https:\/\/vocesdebaires.com.ar\/index.php\/wp-json\/wp\/v2\/media\/588"}],"wp:attachment":[{"href":"https:\/\/vocesdebaires.com.ar\/index.php\/wp-json\/wp\/v2\/media?parent=587"}],"wp:term":[{"taxonomy":"category","embeddable":true,"href":"https:\/\/vocesdebaires.com.ar\/index.php\/wp-json\/wp\/v2\/categories?post=587"},{"taxonomy":"post_tag","embeddable":true,"href":"https:\/\/vocesdebaires.com.ar\/index.php\/wp-json\/wp\/v2\/tags?post=587"}],"curies":[{"name":"wp","href":"https:\/\/api.w.org\/{rel}","templated":true}]}}