{"id":5875,"date":"2019-07-24T03:00:00","date_gmt":"2019-07-24T06:00:00","guid":{"rendered":"http:\/\/vocesdebaires.com.ar\/wordpress\/index.php\/2019\/07\/24\/nuevas-ambulancias-para-policia-bonaerense\/"},"modified":"2019-07-24T03:00:00","modified_gmt":"2019-07-24T06:00:00","slug":"nuevas-ambulancias-para-policia-bonaerense","status":"publish","type":"post","link":"https:\/\/vocesdebaires.com.ar\/index.php\/2019\/07\/24\/nuevas-ambulancias-para-policia-bonaerense\/","title":{"rendered":"Nuevas ambulancias: Para Polic\u00eda bonaerense"},"content":{"rendered":"<p>El viceministro de Seguridad de la provincia de Buenos Aires, Vicente Ventura Barreiro, encabez\u00f3 ayer\u00a0 la presentaci\u00f3n de 16 m\u00f3viles 0 km (12 ambulancias y cuatro unidades de traslado), que la Superintendencia de Servicios Sociales de la Polic\u00eda,\u00a0 adquiri\u00f3 y pondr\u00e1 a disposici\u00f3n de todos los efectivos afiliados para su movilizaci\u00f3n a centros asistenciales y de salud.Estos nuevos veh\u00edculos \u201cpermitir\u00e1n cubrir las necesidades operativas diarias y al mismo tiempo brindar una mejor prestaci\u00f3n a todo el personal policial\u201d, explic\u00f3 el funcionario del gabinete de Seguridad bonaerense.<\/p>\n<p>En ese sentido, Ventura Barreiro destac\u00f3 la gesti\u00f3n y el esfuerzo realizado por Servicios Sociales de la Polic\u00eda, ya que \u201cser\u00e1 una renovaci\u00f3n de la flota automotriz, se cambiar\u00e1n los actuales veh\u00edculos modelo 2009\u00a0 por unidades nuevas que ser\u00e1n distribuidas en las distintas delegaciones del interior bonaerense\u201d.Las ambulancias est\u00e1n equipadas con camilla, colchoneta y anclajes de camilla, silla de ruedas con sus respectivos anclajes, soporte para tubo de ox\u00edgeno, pasamano para suero m\u00f3vil, rampa m\u00f3vil lateral externa. Tambi\u00e9n posee iluminaci\u00f3n interior con alumbra camilla, calefactor, aire acondicionado y ventilador.<\/p>\n<p>Las unidades de traslados est\u00e1n provistas con aislaci\u00f3n termo ac\u00fastica, alfombras en base de madera fen\u00f3lica, antideslizante, aire acondicionado, siete butacas reclinables grado 4 y dos estructuras met\u00e1licas con cinturones de seguridad para el traslados de afiliados con distintas capacidades, entre otras comodidades. Esos veh\u00edculos acondicionados cuentan con certificaciones seg\u00fan norma IRAM 16030 y homologaci\u00f3n de las terminales automotrices de inflamabilidad de piso, revestimiento y aislaci\u00f3n termo ac\u00fastica. Del acto, que se llev\u00f3 a cabo en las escalinatas del ministerio de Seguridad, participaron el Jefe de la Polic\u00eda, comisario general Fabi\u00e1n Perroni, el subcoordinador General Operativo, comisario general Daniel Garc\u00eda, y el superintendente de Servicios Sociales, comisario general Fabi\u00e1n Ca\u00f1ete, entre otras autoridades ministeriales y policiales.<\/p>\n<p>Fotos: Ministerio de Seguridad de la Provincia de Buenos Aires<\/p>\n","protected":false},"excerpt":{"rendered":"<p>El viceministro de Seguridad de la provincia de Buenos Aires, Vicente Ventura Barreiro, encabez\u00f3 ayer\u00a0 la presentaci\u00f3n de 16 m\u00f3viles 0 km (12 ambulancias y cuatro unidades de traslado), que la Superintendencia de Servicios Sociales de la Polic\u00eda,\u00a0 adquiri\u00f3 y pondr\u00e1 a disposici\u00f3n de todos los efectivos afiliados para su movilizaci\u00f3n a centros asistenciales y [&hellip;]<\/p>\n","protected":false},"author":1,"featured_media":5876,"comment_status":"open","ping_status":"open","sticky":false,"template":"","format":"standard","meta":{"_et_pb_use_builder":"","_et_pb_old_content":"","_et_gb_content_width":"","footnotes":""},"categories":[34,13],"tags":[],"class_list":["post-5875","post","type-post","status-publish","format-standard","has-post-thumbnail","hentry","category-politica","category-provincia"],"_links":{"self":[{"href":"https:\/\/vocesdebaires.com.ar\/index.php\/wp-json\/wp\/v2\/posts\/5875"}],"collection":[{"href":"https:\/\/vocesdebaires.com.ar\/index.php\/wp-json\/wp\/v2\/posts"}],"about":[{"href":"https:\/\/vocesdebaires.com.ar\/index.php\/wp-json\/wp\/v2\/types\/post"}],"author":[{"embeddable":true,"href":"https:\/\/vocesdebaires.com.ar\/index.php\/wp-json\/wp\/v2\/users\/1"}],"replies":[{"embeddable":true,"href":"https:\/\/vocesdebaires.com.ar\/index.php\/wp-json\/wp\/v2\/comments?post=5875"}],"version-history":[{"count":0,"href":"https:\/\/vocesdebaires.com.ar\/index.php\/wp-json\/wp\/v2\/posts\/5875\/revisions"}],"wp:featuredmedia":[{"embeddable":true,"href":"https:\/\/vocesdebaires.com.ar\/index.php\/wp-json\/wp\/v2\/media\/5876"}],"wp:attachment":[{"href":"https:\/\/vocesdebaires.com.ar\/index.php\/wp-json\/wp\/v2\/media?parent=5875"}],"wp:term":[{"taxonomy":"category","embeddable":true,"href":"https:\/\/vocesdebaires.com.ar\/index.php\/wp-json\/wp\/v2\/categories?post=5875"},{"taxonomy":"post_tag","embeddable":true,"href":"https:\/\/vocesdebaires.com.ar\/index.php\/wp-json\/wp\/v2\/tags?post=5875"}],"curies":[{"name":"wp","href":"https:\/\/api.w.org\/{rel}","templated":true}]}}