{"id":5877,"date":"2019-07-23T03:00:00","date_gmt":"2019-07-23T06:00:00","guid":{"rendered":"http:\/\/vocesdebaires.com.ar\/wordpress\/index.php\/2019\/07\/23\/escuela-portenaordenan-restablecer-luz-y-gas\/"},"modified":"2019-07-23T03:00:00","modified_gmt":"2019-07-23T06:00:00","slug":"escuela-portenaordenan-restablecer-luz-y-gas","status":"publish","type":"post","link":"https:\/\/vocesdebaires.com.ar\/index.php\/2019\/07\/23\/escuela-portenaordenan-restablecer-luz-y-gas\/","title":{"rendered":"Escuela porte\u00f1a:Ordenan restablecer luz y gas"},"content":{"rendered":"<p>La titular del juzgado N\u00b0 4 en lo Contencioso Administrativo y Tributario, Elena Liberatori, resolvi\u00f3 hacer lugar al planteo efectuado por la Asesor\u00eda Tutelar porte\u00f1a, y orden\u00f3 al Gobierno de la Ciudad de Buenos Aires que en forma inmediata, habilite de manera integral la utilizaci\u00f3n del edificio ubicado en la Avenida Juan Bautista Alberdi 4139, conforme los usos y destinos de sus instalaciones previstos tanto en los procesos licitatorios, en la construcci\u00f3n y en las respectivas disposiciones prexistentes del Ejecutivo local. Todo ello en el marco de la causa\u00a0 Leiva, Paula Luc\u00eda y otros contra GCBA sobre Amparo Educaci\u00f3n Temas Edilicios, Exp. N\u00b0 5823\/2017-0.<\/p>\n<p>La magistrada, adem\u00e1s, intim\u00f3 a la ministra de Educaci\u00f3n, Soledad Acu\u00f1a, bajo apercibimiento de imponerle una multa de hasta el 50 por ciento de su sueldo de funcionaria, a realizar las acciones para que en un plazo breve normalice la provisi\u00f3n de los servicios p\u00fablicos esenciales de electricidad y gas. Por \u00faltimo, dispuso librar oficio al Cuerpo de Bomberos de la Ciudad para que efect\u00fae un informe t\u00e9cnico teniendo en cuenta las actividades espec\u00edficas de la Escuela (por ejemplo, la utilizaci\u00f3n de \u00e1cido en los talleres de grabado, las campanas de ventilaci\u00f3n, anafes con gas, etc.).En noviembre de 2018, la titular del \u00e1rea educativa dispuso que el nuevo edificio deba albergar a una parte de la Escuela de Cer\u00e1mica N\u00b0 1, ya que los talleres quedar\u00edan en el edificio originario.<\/p>\n<p>Al respecto, la titular del juzgado N\u00b0 4 se\u00f1al\u00f3 que \u201cesa decisi\u00f3n ministerial es la causa madre de los conflictos que vive actualmente la escuela Yrurtia ya que por causa de ella, se han clausurado importantes espacios del edificio para esa otra escuela, y tal injerto, pomposamente denominado Polo de las Artes, alter\u00f3 la utilizaci\u00f3n del edificio conforme los destinos proyectados, seg\u00fan planos e informes obrantes en el expediente, irritando as\u00ed y con raz\u00f3n, a toda la comunidad educativa del establecimiento. Liberatori quien realiz\u00f3 un reconocimiento judicial el pasado 12 de julio, record\u00f3 que \u201ces responsabilidad del Estado la omisi\u00f3n de adoptar las decisiones de naturaleza preventiva o de fiscalizaci\u00f3n, en este caso relativas al estado edilicio y la seguridad personal y bienes, susceptibles de evitar la producci\u00f3n de un evento da\u00f1oso\u201d.<\/p>\n","protected":false},"excerpt":{"rendered":"<p>La titular del juzgado N\u00b0 4 en lo Contencioso Administrativo y Tributario, Elena Liberatori, resolvi\u00f3 hacer lugar al planteo efectuado por la Asesor\u00eda Tutelar porte\u00f1a, y orden\u00f3 al Gobierno de la Ciudad de Buenos Aires que en forma inmediata, habilite de manera integral la utilizaci\u00f3n del edificio ubicado en la Avenida Juan Bautista Alberdi 4139, [&hellip;]<\/p>\n","protected":false},"author":1,"featured_media":5878,"comment_status":"open","ping_status":"open","sticky":false,"template":"","format":"standard","meta":{"_et_pb_use_builder":"","_et_pb_old_content":"","_et_gb_content_width":"","footnotes":""},"categories":[11,32],"tags":[],"class_list":["post-5877","post","type-post","status-publish","format-standard","has-post-thumbnail","hentry","category-ciudad","category-comunas"],"_links":{"self":[{"href":"https:\/\/vocesdebaires.com.ar\/index.php\/wp-json\/wp\/v2\/posts\/5877"}],"collection":[{"href":"https:\/\/vocesdebaires.com.ar\/index.php\/wp-json\/wp\/v2\/posts"}],"about":[{"href":"https:\/\/vocesdebaires.com.ar\/index.php\/wp-json\/wp\/v2\/types\/post"}],"author":[{"embeddable":true,"href":"https:\/\/vocesdebaires.com.ar\/index.php\/wp-json\/wp\/v2\/users\/1"}],"replies":[{"embeddable":true,"href":"https:\/\/vocesdebaires.com.ar\/index.php\/wp-json\/wp\/v2\/comments?post=5877"}],"version-history":[{"count":0,"href":"https:\/\/vocesdebaires.com.ar\/index.php\/wp-json\/wp\/v2\/posts\/5877\/revisions"}],"wp:featuredmedia":[{"embeddable":true,"href":"https:\/\/vocesdebaires.com.ar\/index.php\/wp-json\/wp\/v2\/media\/5878"}],"wp:attachment":[{"href":"https:\/\/vocesdebaires.com.ar\/index.php\/wp-json\/wp\/v2\/media?parent=5877"}],"wp:term":[{"taxonomy":"category","embeddable":true,"href":"https:\/\/vocesdebaires.com.ar\/index.php\/wp-json\/wp\/v2\/categories?post=5877"},{"taxonomy":"post_tag","embeddable":true,"href":"https:\/\/vocesdebaires.com.ar\/index.php\/wp-json\/wp\/v2\/tags?post=5877"}],"curies":[{"name":"wp","href":"https:\/\/api.w.org\/{rel}","templated":true}]}}