{"id":5879,"date":"2019-07-23T03:00:00","date_gmt":"2019-07-23T06:00:00","guid":{"rendered":"http:\/\/vocesdebaires.com.ar\/wordpress\/index.php\/2019\/07\/23\/florespropuestas-en-estas-vacaciones-de-invierno\/"},"modified":"2019-07-23T03:00:00","modified_gmt":"2019-07-23T06:00:00","slug":"florespropuestas-en-estas-vacaciones-de-invierno","status":"publish","type":"post","link":"https:\/\/vocesdebaires.com.ar\/index.php\/2019\/07\/23\/florespropuestas-en-estas-vacaciones-de-invierno\/","title":{"rendered":"Flores:Propuestas en estas vacaciones de invierno"},"content":{"rendered":"<p>El Museo Barrio de Flores (Ram\u00f3n L. Falc\u00f3n 1893) ofrece una propuesta diferente para estas vacaciones de invierno. Presenta un programa especial con diez talleres distintos por semana, orientados a chicos de 6 a 12 a\u00f1os. Y debido a que ya se cubrieron los cupos para la primera semana, decidieron agregar un d\u00eda m\u00e1s a la programaci\u00f3n, para vivir el pr\u00f3ximo 27 de julio un S\u00faper S\u00e1bado. \u201cSeguimos invirtiendo en cultura barrial y para las dos semanas de vacaciones de invierno reforzaremos esta idea\u201d, sostuvo Mariana D\u00b4Anna, directora de esta actividad en el Museo.<\/p>\n<p>Se brindan Periodismo, Dibujo de Comics, Jardiner\u00eda, Modelado en Porcelana Fr\u00eda, Peque\u00f1os Cient\u00edficos, Lanas Divertidas, Ajedrez, Arte y Reciclado, Taller De Cuentos y Cocina sin Cocci\u00f3n. Cabe destacar que el programa tambi\u00e9n incluye merienda y juegos recreativos para que los chicos puedan dispersarse. Comienza este lunes, se puede contratar por taller, d\u00eda o semana, incluye los materiales y se ofrecen descuentos por hermanos y diferentes formas de pago.<\/p>\n<p>A ra\u00edz del \u00e9xito en las inscripciones (los cupos para la primera semana ya est\u00e1n cubiertos), el Museo decidi\u00f3 sumar a la programaci\u00f3n de Vacaciones de Invierno una nueva jornada. La misma ser\u00e1 el s\u00e1bado 27, d\u00eda en que ofrecer\u00e1n tres turnos de talleres que se realizar\u00e1n en continuado: ajedrez, cocina divertida, dibujo de comics y taller de cuentos. Se puede participar en uno, dos o tres talleres.<br \/>Para m\u00e1s informaci\u00f3n, los interesados pueden acceder al sitio <a href=&quot;https:\/\/museobarriodeflores.com.ar\/&quot;>https:\/\/museobarriodeflores.com.ar\/<\/a>, comunicarse por WhatsApp al 112 611 9800; al 114 631 2910 o al 4631 2910; o por mail a <a href=&quot;mailto:hola@museobarriodeflores.com.ar&quot;>hola@museobarriodeflores.com.ar<\/a>.<\/p>\n<p>El Museo Barrio de Flores es el primero dedicado a un barrio porte\u00f1o. El mismo, ubicado en una casa tipo Petit Hotel de la calle Ram\u00f3n L. Falc\u00f3n, a pasos de Carabobo, est\u00e1 dirigido por Roberto D\u00b4Anna, fundador y director del peri\u00f3dico Flores de Papel. Cuenta con ocho salas tem\u00e1ticas \u2013 entre ellas la primera dedicada al Papa Francisco, otra que re\u00fane obras originales del escritor C\u00e9sar Aira y una en homenaje al veterano de Malvinas Fabi\u00e1n Volont\u00e9 , donde se pueden encontrar curiosos objetos de otras \u00e9pocas, postales y fotos antiguas, pinturas, planos y libros, as\u00ed como tambi\u00e9n medallas de colecci\u00f3n.La entrada general al Museo cuesta $90; estudiantes, jubilados, $50; y los docentes y chicos hasta 12 a\u00f1os y personas con discapacidad con acompa\u00f1ante entran gratis. Abierto de martes a s\u00e1bados.<\/p>\n","protected":false},"excerpt":{"rendered":"<p>El Museo Barrio de Flores (Ram\u00f3n L. Falc\u00f3n 1893) ofrece una propuesta diferente para estas vacaciones de invierno. Presenta un programa especial con diez talleres distintos por semana, orientados a chicos de 6 a 12 a\u00f1os. Y debido a que ya se cubrieron los cupos para la primera semana, decidieron agregar un d\u00eda m\u00e1s a [&hellip;]<\/p>\n","protected":false},"author":1,"featured_media":5880,"comment_status":"open","ping_status":"open","sticky":false,"template":"","format":"standard","meta":{"_et_pb_use_builder":"","_et_pb_old_content":"","_et_gb_content_width":"","footnotes":""},"categories":[11,32],"tags":[],"class_list":["post-5879","post","type-post","status-publish","format-standard","has-post-thumbnail","hentry","category-ciudad","category-comunas"],"_links":{"self":[{"href":"https:\/\/vocesdebaires.com.ar\/index.php\/wp-json\/wp\/v2\/posts\/5879"}],"collection":[{"href":"https:\/\/vocesdebaires.com.ar\/index.php\/wp-json\/wp\/v2\/posts"}],"about":[{"href":"https:\/\/vocesdebaires.com.ar\/index.php\/wp-json\/wp\/v2\/types\/post"}],"author":[{"embeddable":true,"href":"https:\/\/vocesdebaires.com.ar\/index.php\/wp-json\/wp\/v2\/users\/1"}],"replies":[{"embeddable":true,"href":"https:\/\/vocesdebaires.com.ar\/index.php\/wp-json\/wp\/v2\/comments?post=5879"}],"version-history":[{"count":0,"href":"https:\/\/vocesdebaires.com.ar\/index.php\/wp-json\/wp\/v2\/posts\/5879\/revisions"}],"wp:featuredmedia":[{"embeddable":true,"href":"https:\/\/vocesdebaires.com.ar\/index.php\/wp-json\/wp\/v2\/media\/5880"}],"wp:attachment":[{"href":"https:\/\/vocesdebaires.com.ar\/index.php\/wp-json\/wp\/v2\/media?parent=5879"}],"wp:term":[{"taxonomy":"category","embeddable":true,"href":"https:\/\/vocesdebaires.com.ar\/index.php\/wp-json\/wp\/v2\/categories?post=5879"},{"taxonomy":"post_tag","embeddable":true,"href":"https:\/\/vocesdebaires.com.ar\/index.php\/wp-json\/wp\/v2\/tags?post=5879"}],"curies":[{"name":"wp","href":"https:\/\/api.w.org\/{rel}","templated":true}]}}