{"id":5881,"date":"2019-07-23T03:00:00","date_gmt":"2019-07-23T06:00:00","guid":{"rendered":"http:\/\/vocesdebaires.com.ar\/wordpress\/index.php\/2019\/07\/23\/escuelaslarreta-tiene-que-garantizar-vacantes\/"},"modified":"2019-07-23T03:00:00","modified_gmt":"2019-07-23T06:00:00","slug":"escuelaslarreta-tiene-que-garantizar-vacantes","status":"publish","type":"post","link":"https:\/\/vocesdebaires.com.ar\/index.php\/2019\/07\/23\/escuelaslarreta-tiene-que-garantizar-vacantes\/","title":{"rendered":"Escuelas:\u201cLarreta tiene que garantizar vacantes\u201d"},"content":{"rendered":"<p>Luego de haber denunciado en varias oportunidades la falta de vacantes en las escuelas p\u00fablicas de la Ciudad, la precandidata a diputada nacional por el Frente de Izquierda-Unidad y legisladora porte\u00f1a del PTS, Myriam Bregman, celebr\u00f3 el fallo judicial que le ordena al Gobierno pagar una ayuda econ\u00f3mica a los padres de los chicos y chicas que viven a m\u00e1s de 10 cuadras de su colegio.<br \/>En ese sentido consider\u00f3 que se trata de \u201cun importante triunfo judicial\u201d y remarc\u00f3 que \u201cjunto a Patricio del Corro iniciamos esta demanda hace tres a\u00f1os, luego de que centenares de familias durante a\u00f1os reclamaran ante el Ejecutivo y el Ministerio de Educaci\u00f3n sin respuestas\u201d.<\/p>\n<p>\u201cLa sentencia de la jueza Elena Liberatori nos da la raz\u00f3n: faltan cientos de vacantes en las escuelas primarias y la enorme mayor\u00eda de la problem\u00e1tica est\u00e1 en la zona sur y Retiro. Adem\u00e1s se ordena garantizar las vacantes\u201d, manifest\u00f3 y destac\u00f3 que con esta sentencia \u201csale a la luz la mentira de las 54 escuelas nuevas que publicita el Gobierno; el fallo dice que son las mismas que vienen \u2018publicitando\u2019 desde 2008, una d\u00e9cada gastando m\u00e1s plata en publicidad que en obras\u201d.<\/p>\n<p>Asimismo, Bregman consider\u00f3 que esta medida \u201cdemuestra tambi\u00e9n que los padres que no cuentan con escuelas en sus barrios, tienen que enviar a sus hijos e hijas a zonas donde s\u00ed hay, lo que aumenta el ausentismo porque los padres no pueden pagar sus boletos\u201d y concluy\u00f3 que \u201cahora el Gobierno deber\u00e1 cumplir y solucionar este problema que ya no se puede tapar m\u00e1s: hay que construir escuelas en la zona sur de la Ciudad y Retiro. Se acab\u00f3 el verso y los carteles de campa\u00f1a\u201d. La jueza Elena Liberatori acept\u00f3 la cautelar solicitada en 2016 por el legislador porte\u00f1o Patricio del Corro y constat\u00f3 la faltante de vacantes en la Educaci\u00f3n Primaria y Secundaria en la Ciudad de Buenos Aires, que la ministra Soledad Acu\u00f1a hab\u00eda negado, y exhort\u00f3 al Gobierno a tomar medidas \u201cinmediatas\u00bb para garantizar el acceso a la educaci\u00f3n a los chicos.<\/p>\n","protected":false},"excerpt":{"rendered":"<p>Luego de haber denunciado en varias oportunidades la falta de vacantes en las escuelas p\u00fablicas de la Ciudad, la precandidata a diputada nacional por el Frente de Izquierda-Unidad y legisladora porte\u00f1a del PTS, Myriam Bregman, celebr\u00f3 el fallo judicial que le ordena al Gobierno pagar una ayuda econ\u00f3mica a los padres de los chicos y [&hellip;]<\/p>\n","protected":false},"author":1,"featured_media":5882,"comment_status":"open","ping_status":"open","sticky":false,"template":"","format":"standard","meta":{"_et_pb_use_builder":"","_et_pb_old_content":"","_et_gb_content_width":"","footnotes":""},"categories":[11,32],"tags":[],"class_list":["post-5881","post","type-post","status-publish","format-standard","has-post-thumbnail","hentry","category-ciudad","category-comunas"],"_links":{"self":[{"href":"https:\/\/vocesdebaires.com.ar\/index.php\/wp-json\/wp\/v2\/posts\/5881"}],"collection":[{"href":"https:\/\/vocesdebaires.com.ar\/index.php\/wp-json\/wp\/v2\/posts"}],"about":[{"href":"https:\/\/vocesdebaires.com.ar\/index.php\/wp-json\/wp\/v2\/types\/post"}],"author":[{"embeddable":true,"href":"https:\/\/vocesdebaires.com.ar\/index.php\/wp-json\/wp\/v2\/users\/1"}],"replies":[{"embeddable":true,"href":"https:\/\/vocesdebaires.com.ar\/index.php\/wp-json\/wp\/v2\/comments?post=5881"}],"version-history":[{"count":0,"href":"https:\/\/vocesdebaires.com.ar\/index.php\/wp-json\/wp\/v2\/posts\/5881\/revisions"}],"wp:featuredmedia":[{"embeddable":true,"href":"https:\/\/vocesdebaires.com.ar\/index.php\/wp-json\/wp\/v2\/media\/5882"}],"wp:attachment":[{"href":"https:\/\/vocesdebaires.com.ar\/index.php\/wp-json\/wp\/v2\/media?parent=5881"}],"wp:term":[{"taxonomy":"category","embeddable":true,"href":"https:\/\/vocesdebaires.com.ar\/index.php\/wp-json\/wp\/v2\/categories?post=5881"},{"taxonomy":"post_tag","embeddable":true,"href":"https:\/\/vocesdebaires.com.ar\/index.php\/wp-json\/wp\/v2\/tags?post=5881"}],"curies":[{"name":"wp","href":"https:\/\/api.w.org\/{rel}","templated":true}]}}