{"id":5883,"date":"2019-07-23T03:00:00","date_gmt":"2019-07-23T06:00:00","guid":{"rendered":"http:\/\/vocesdebaires.com.ar\/wordpress\/index.php\/2019\/07\/23\/rural-apolo-el-primer-animal-en-llegar\/"},"modified":"2019-07-23T03:00:00","modified_gmt":"2019-07-23T06:00:00","slug":"rural-apolo-el-primer-animal-en-llegar","status":"publish","type":"post","link":"https:\/\/vocesdebaires.com.ar\/index.php\/2019\/07\/23\/rural-apolo-el-primer-animal-en-llegar\/","title":{"rendered":"Rural: Apolo el primer animal en llegar"},"content":{"rendered":"<p>Ayer por la ma\u00f1ana\u00a0 ingres\u00f3 el primer animal a la 133\u00b0 Exposici\u00f3n de Ganader\u00eda, Agricultura e Industria Internacional. El presidente de la Sociedad Rural Argentina (SRA), Daniel Pelegrina y el vicepresidente, Carlos Vila Moret (h), recibieron, a Apolo, un toro de 11 meses de la raza Brangus y un peso de 517 kg, junto a las autoridades de la SRA y La Rural S.A. Tambi\u00e9n estuvo presente el presidente del SENASA, Ricardo Negri.<\/p>\n<p>Hace 50 a\u00f1os la misi\u00f3n espacial Apolo fue la primera en llegar a la luna, hoy Apolo es el primer toro en llegar a la Exposici\u00f3n Rural. El ejemplar pertenece a la Caba\u00f1a Centro Gen\u00e9tico Chivilcoy, de provincia de Buenos Aires, cuyo propietario es Rub\u00e9n Chilan, y su cuidador es Elvio Pizarro. Apolo fue Reservado Campe\u00f3n Ternero de la 50 Gran Nacional de Brangus, que se realiz\u00f3 en Resistencia (Chaco). Milagros, el segundo ejemplar en llegar. Una b\u00fafala de la raza Mediterr\u00e1nea, lleg\u00f3 casi a la par de Apolo. Su due\u00f1a es Mar\u00eda Nilda Silva, de la Caba\u00f1a Pedro Antonio Silva, de Corrientes. Milagros tiene 25 meses, pesa 590 kg, y est\u00e1 pre\u00f1ada de 2 meses.<\/p>\n<p>\u201cEstamos muy entusiasmados con esta nueva edici\u00f3n de la Expo. Ya empiezan a llegar los m\u00e1s de 4000 animales\u201d, dijo Pelegrina. Y agreg\u00f3: \u201cEs una oportunidad que tenemos para que la gente que nos visita se vaya impactada con todo lo que ofrece la muestra, lo mejor del agro y el trabajo de nuevas generaciones de criadores, de emprendedores, de desarrolladores de tecnolog\u00eda.\u201d Sobre la Agenda del campo que se va a presentar a los candidatos dijo \u201chemos congeniado junto con la Mesa de Enlace elaborar un set de pol\u00edticas m\u00ednimas e indispensables que necesitamos para seguir colaborando con la Argentina desde el campo.<\/p>\n<p>Vamos a hacer todo el esfuerzo para llevarle estas propuestas a los candidatos y para escuchar cu\u00e1les son las que tienen para el campo, y si realmente lo consideran un sector importante para el desarrollo de la Argentina\u201d .Adem\u00e1s, expres\u00f3 que: \u201cNuestro trabajo es llevar las propuestas a los pol\u00edticos, y despu\u00e9s contar nuestra visi\u00f3n a los representados y al campo en general. Y despu\u00e9s van a ser ellos los que vayan con el voto a convalidar o rechazar cualquier idea&quot;. Por su parte, Elvio el cuidador de Apolo cont\u00f3 que: \u201cSalimos ayer (domingo) a la ma\u00f1ana, y para el mediod\u00eda ya est\u00e1bamos ac\u00e1; no esper\u00e1bamos llegar primeros. Es un ternero hijo de May\u00fa de La Sultana y la madre es de Caba\u00f1a del Carmen\u201d.<\/p>\n<p>\u201cEs muy manso, a Palermo lleg\u00f3 con otros dos animales de la Caba\u00f1a de Ruben Chilar, un veterinario que hace trasplante de embriones\u201d, dijo y agreg\u00f3: \u201cTiene 11 meses y en la Exposici\u00f3n Rural competir\u00e1 en la categor\u00eda Ternero Mayor. Siempre se espera lo mejor, pero hay que ver la competencia que uno tiene\u201d. \u201cVinimos el a\u00f1o pasado y hemos vuelto para quedarnos; queremos que la gente conozca al b\u00fafalo. Son animales doble prop\u00f3sito, carne y leche. No compite con el ganado bovino, porque ocupa aquellos campos que no sirven para la ganader\u00eda, que son muy duros o muy inundables. Son animales muy mansos y hay que tratarlos con el mayor afecto posible, son sumamente inteligentes y te conocen por el olor y por la voz. Son gregarios y se mueven en grupos\u201d, explic\u00f3 Mar\u00eda, que vino con 2 b\u00fafalos de la raza Murrah y 2 de la Mediterr\u00e1nea.<\/p>\n","protected":false},"excerpt":{"rendered":"<p>Ayer por la ma\u00f1ana\u00a0 ingres\u00f3 el primer animal a la 133\u00b0 Exposici\u00f3n de Ganader\u00eda, Agricultura e Industria Internacional. El presidente de la Sociedad Rural Argentina (SRA), Daniel Pelegrina y el vicepresidente, Carlos Vila Moret (h), recibieron, a Apolo, un toro de 11 meses de la raza Brangus y un peso de 517 kg, junto a [&hellip;]<\/p>\n","protected":false},"author":1,"featured_media":5884,"comment_status":"open","ping_status":"open","sticky":false,"template":"","format":"standard","meta":{"_et_pb_use_builder":"","_et_pb_old_content":"","_et_gb_content_width":"","footnotes":""},"categories":[11,33],"tags":[],"class_list":["post-5883","post","type-post","status-publish","format-standard","has-post-thumbnail","hentry","category-ciudad","category-sociedad-y-cultura-2"],"_links":{"self":[{"href":"https:\/\/vocesdebaires.com.ar\/index.php\/wp-json\/wp\/v2\/posts\/5883"}],"collection":[{"href":"https:\/\/vocesdebaires.com.ar\/index.php\/wp-json\/wp\/v2\/posts"}],"about":[{"href":"https:\/\/vocesdebaires.com.ar\/index.php\/wp-json\/wp\/v2\/types\/post"}],"author":[{"embeddable":true,"href":"https:\/\/vocesdebaires.com.ar\/index.php\/wp-json\/wp\/v2\/users\/1"}],"replies":[{"embeddable":true,"href":"https:\/\/vocesdebaires.com.ar\/index.php\/wp-json\/wp\/v2\/comments?post=5883"}],"version-history":[{"count":0,"href":"https:\/\/vocesdebaires.com.ar\/index.php\/wp-json\/wp\/v2\/posts\/5883\/revisions"}],"wp:featuredmedia":[{"embeddable":true,"href":"https:\/\/vocesdebaires.com.ar\/index.php\/wp-json\/wp\/v2\/media\/5884"}],"wp:attachment":[{"href":"https:\/\/vocesdebaires.com.ar\/index.php\/wp-json\/wp\/v2\/media?parent=5883"}],"wp:term":[{"taxonomy":"category","embeddable":true,"href":"https:\/\/vocesdebaires.com.ar\/index.php\/wp-json\/wp\/v2\/categories?post=5883"},{"taxonomy":"post_tag","embeddable":true,"href":"https:\/\/vocesdebaires.com.ar\/index.php\/wp-json\/wp\/v2\/tags?post=5883"}],"curies":[{"name":"wp","href":"https:\/\/api.w.org\/{rel}","templated":true}]}}