{"id":589,"date":"2020-01-22T03:00:00","date_gmt":"2020-01-22T06:00:00","guid":{"rendered":"http:\/\/vocesdebaires.com.ar\/wordpress\/index.php\/2020\/01\/22\/club-river-plate-tendra-guarderia-de-bicis\/"},"modified":"2020-01-22T03:00:00","modified_gmt":"2020-01-22T06:00:00","slug":"club-river-plate-tendra-guarderia-de-bicis","status":"publish","type":"post","link":"https:\/\/vocesdebaires.com.ar\/index.php\/2020\/01\/22\/club-river-plate-tendra-guarderia-de-bicis\/","title":{"rendered":"Club River Plate tendr\u00e1 guarder\u00eda de bicis"},"content":{"rendered":"<p>Para continuar con el plan integral de mejorar y ordenar el espacio p\u00fablico durante los partidos de f\u00fatbol en la Ciudad de Buenos Aires, desde la Secretar\u00eda de Transporte y Obras P\u00fablicas y con apoyo del Ministerio de Seguridad y Justicia, se dispondr\u00e1 en las inmediaciones del estadio Monumental una guarder\u00eda de bicis para que los ciclistas puedan acceder con facilidad al encuentro y dejar sus bicicletas en un espacio seguro y gratuito. La guarder\u00eda estar\u00e1 ubicado en la intersecci\u00f3n de Basavilbaso y av. Figueroa Alcorta y tendr\u00e1 una capacidad para 200 bicicletas.<\/p>\n<p>La guarder\u00eda de bicicletas dise\u00f1ada por la Secretar\u00eda de Transporte y Obras P\u00fablicas porte\u00f1a abrir\u00e1 sus puertas el mi\u00e9rcoles 29 de enero, tres horas antes del inicio del partido y permanecer\u00e1 abierta una hora despu\u00e9s de finalizado el encuentro, es decir funcionar\u00e1 desde las 16.40 h hasta las 22.40 h. Habitualmente el 50% del p\u00fablico llega en la hora previa al inicio del espect\u00e1culo y el total de la gente se retira una hora despu\u00e9s de finalizaci\u00f3n. El objetivo es que la devoluci\u00f3n de las bicicletas se pueda cumplir en unos 45 minutos de finalizado el evento.<\/p>\n<p>La capacidad de la guarder\u00eda es para 200 bicicletas y est\u00e1 conformada por una estructura modular desmontable, que estar\u00e1 situada por fuera del anillo de seguridad (a unos 600 metros de distancia del estadio). El espacio estar\u00e1 debidamente se\u00f1alizado y con la informaci\u00f3n del procedimiento de guarda de la bicicleta y el horario de atenci\u00f3n. Durante toda la iniciativa la guarder\u00eda estar\u00e1 acompa\u00f1ada de efectivos de la Polic\u00eda de la Ciudad y Agentes de Tr\u00e1nsito.<\/p>\n<p>Procedimiento<\/p>\n<p>1- Cuando llega un ciclista, uno de los encargados de la guarder\u00eda le toma sus datos (nombre y apellido, DNI, n\u00famero de celular y correo electr\u00f3nico) y los de la bicicleta (marca, modelo, elementos que posee como casco, botella, etc.) y completa una planilla est\u00e1ndar que luego es firmada por el due\u00f1o del veh\u00edculo.<\/p>\n<p>2- Se le coloca una pulsera numerada al manubrio de la bicicleta; y otra pulsera con el mismo n\u00famero a su due\u00f1o. Las bicicletas siempre son guardadas sin candado.<\/p>\n<p>3- Otra persona es encargada de recibir la bicicleta y estacionarla dentro de la guarder\u00eda.<\/p>\n<p>4- Al finalizar el partido, el ciclista muestra su pulsera y una de las personas encargadas le hace entrega de su bicicleta.<\/p>\n<p>En el caso de extraviar la pulsera, el due\u00f1o de la bicicleta debe exhibir su DNI. En el caso que queden bicicletas olvidadas en la guarder\u00eda, posteriormente ser\u00e1n llevadas y resguardadas en un dep\u00f3sito, ocasi\u00f3n en que se comunicar\u00e1n telef\u00f3nicamente con el due\u00f1o para coordinar la entrega.<\/p>\n","protected":false},"excerpt":{"rendered":"<p>Para continuar con el plan integral de mejorar y ordenar el espacio p\u00fablico durante los partidos de f\u00fatbol en la Ciudad de Buenos Aires, desde la Secretar\u00eda de Transporte y Obras P\u00fablicas y con apoyo del Ministerio de Seguridad y Justicia, se dispondr\u00e1 en las inmediaciones del estadio Monumental una guarder\u00eda de bicis para que [&hellip;]<\/p>\n","protected":false},"author":1,"featured_media":590,"comment_status":"open","ping_status":"open","sticky":false,"template":"","format":"standard","meta":{"_et_pb_use_builder":"","_et_pb_old_content":"","_et_gb_content_width":"","footnotes":""},"categories":[11,32],"tags":[],"class_list":["post-589","post","type-post","status-publish","format-standard","has-post-thumbnail","hentry","category-ciudad","category-comunas"],"_links":{"self":[{"href":"https:\/\/vocesdebaires.com.ar\/index.php\/wp-json\/wp\/v2\/posts\/589"}],"collection":[{"href":"https:\/\/vocesdebaires.com.ar\/index.php\/wp-json\/wp\/v2\/posts"}],"about":[{"href":"https:\/\/vocesdebaires.com.ar\/index.php\/wp-json\/wp\/v2\/types\/post"}],"author":[{"embeddable":true,"href":"https:\/\/vocesdebaires.com.ar\/index.php\/wp-json\/wp\/v2\/users\/1"}],"replies":[{"embeddable":true,"href":"https:\/\/vocesdebaires.com.ar\/index.php\/wp-json\/wp\/v2\/comments?post=589"}],"version-history":[{"count":0,"href":"https:\/\/vocesdebaires.com.ar\/index.php\/wp-json\/wp\/v2\/posts\/589\/revisions"}],"wp:featuredmedia":[{"embeddable":true,"href":"https:\/\/vocesdebaires.com.ar\/index.php\/wp-json\/wp\/v2\/media\/590"}],"wp:attachment":[{"href":"https:\/\/vocesdebaires.com.ar\/index.php\/wp-json\/wp\/v2\/media?parent=589"}],"wp:term":[{"taxonomy":"category","embeddable":true,"href":"https:\/\/vocesdebaires.com.ar\/index.php\/wp-json\/wp\/v2\/categories?post=589"},{"taxonomy":"post_tag","embeddable":true,"href":"https:\/\/vocesdebaires.com.ar\/index.php\/wp-json\/wp\/v2\/tags?post=589"}],"curies":[{"name":"wp","href":"https:\/\/api.w.org\/{rel}","templated":true}]}}