{"id":5895,"date":"2019-07-22T03:00:00","date_gmt":"2019-07-22T06:00:00","guid":{"rendered":"http:\/\/vocesdebaires.com.ar\/wordpress\/index.php\/2019\/07\/22\/clemente-dejo-su-huella-en-una-plaza\/"},"modified":"2019-07-22T03:00:00","modified_gmt":"2019-07-22T06:00:00","slug":"clemente-dejo-su-huella-en-una-plaza","status":"publish","type":"post","link":"https:\/\/vocesdebaires.com.ar\/index.php\/2019\/07\/22\/clemente-dejo-su-huella-en-una-plaza\/","title":{"rendered":"Clemente dejo\u0301 su huella en una plaza"},"content":{"rendered":"<p>La nueva plaza cuenta con una superficie de 8000 mt2 totalmente recuperados, que pasaron de ser un terreno en desuso a un \u00e1rea verde y de recreaci\u00f3n, y desde el Gobierno porte\u00f1o estiman que con esta iniciativa se beneficiaran m\u00e1s de 50 mil vecinos de la Ciudad de Buenos Aires.La bautizaron \u201cPlaza Clemente\u201d porque su forma, vista desde el aire, imita la huella del personaje del ilustrador Caloi y adem\u00e1s, se refleja a la entra\u00f1able figura en murales, sobre las paredes de la calle Conde.<\/p>\n<p>Adem\u00e1s de ser un merecido homenaje a Clemente y Caloi, la plaza se ideo\u0301 para que sea inclusiva y accesible, con planos ha\u0301pticos legibles a trav\u00e9s del tacto para personas no videntes, pictogramas para chicos con alg\u00fan grado de autismo y juegos especiales adaptados a ni\u00f1os con discapacidad. Asimismo, cuenta con rampas y un acceso nivelado para quienes tienen dificultad motriz. Y tiene baldosas podota\u0301ctiles para guiar a los no videntes en los cruces de calles. La plaza posee un sector especial de recreaci\u00f3n, que incluye juegos infantiles, mesas de ajedrez, y un divertido juego de agua expulsada con boquillas que ofrece un esparcimiento muy particular.<\/p>\n<p>A su vez, utiliza un sistema de recirculaci\u00f3n de agua, incorporando la sustentabilidad como otro de los objetivos centrales del espacio.Plaza Clemente dispone de \u00e1reas de descanso, mesas comunitarias y un sendero did\u00e1ctico donde se puede apreciar y aprender sobre la vegetaci\u00f3n aut\u00f3ctona. Mediante una divisi\u00f3n en tres eco regiones, se trasplantaron y plantaron alrededor de 250 \u00e1rboles, varios de gran porte, como lapachos, ceibos, anacahuitas, palmeras, pindo\u0301s, y 42.500 herb\u00e1ceas. La vegetaci\u00f3n, en ese sentido, es uno de los puntos m\u00e1s importantes del proyecto, permitiendo a los asistentes sentirse inmersos en un espacio verde que rodea todas las \u00e1reas de la plaza, conect\u00e1ndose con la flora nativa del pa\u00eds.<\/p>\n<p>Cabe remarcar que los vecinos del lugar reclamaban este predio desde hacia mucho tiempo y pidieron que incluyera \u201cflora nativa\u201d, que refleje la identidad del barrio, que tenga caracter\u00edsticas educativas y que un 80% sea verde. En el sitio exist\u00eda un inutilizado e inaccesible terreno bald\u00edo, rodeado por un pared\u00f3n, lleno de escombros, restos de materiales de obra y antiguas bases de hormig\u00f3n. Se realiz\u00f3\u0301 el tendido de instalaci\u00f3n el\u00e9ctrica para el alumbrado p\u00fablico de la plaza, columnas con artefactos y luminarias LED, instalaci\u00f3n de riego por aspersi\u00f3n y la perforaci\u00f3n para la extracci\u00f3n del agua. Gracias a todas estas tareas, Plaza Clemente se convirti\u00f3\u0301 en un espacio verde, de recreaci\u00f3n e inclusi\u00f3n para todos los vecinos de Colegiales.<\/p>\n","protected":false},"excerpt":{"rendered":"<p>La nueva plaza cuenta con una superficie de 8000 mt2 totalmente recuperados, que pasaron de ser un terreno en desuso a un \u00e1rea verde y de recreaci\u00f3n, y desde el Gobierno porte\u00f1o estiman que con esta iniciativa se beneficiaran m\u00e1s de 50 mil vecinos de la Ciudad de Buenos Aires.La bautizaron \u201cPlaza Clemente\u201d porque su [&hellip;]<\/p>\n","protected":false},"author":1,"featured_media":5896,"comment_status":"open","ping_status":"open","sticky":false,"template":"","format":"standard","meta":{"_et_pb_use_builder":"","_et_pb_old_content":"","_et_gb_content_width":"","footnotes":""},"categories":[11,32],"tags":[],"class_list":["post-5895","post","type-post","status-publish","format-standard","has-post-thumbnail","hentry","category-ciudad","category-comunas"],"_links":{"self":[{"href":"https:\/\/vocesdebaires.com.ar\/index.php\/wp-json\/wp\/v2\/posts\/5895"}],"collection":[{"href":"https:\/\/vocesdebaires.com.ar\/index.php\/wp-json\/wp\/v2\/posts"}],"about":[{"href":"https:\/\/vocesdebaires.com.ar\/index.php\/wp-json\/wp\/v2\/types\/post"}],"author":[{"embeddable":true,"href":"https:\/\/vocesdebaires.com.ar\/index.php\/wp-json\/wp\/v2\/users\/1"}],"replies":[{"embeddable":true,"href":"https:\/\/vocesdebaires.com.ar\/index.php\/wp-json\/wp\/v2\/comments?post=5895"}],"version-history":[{"count":0,"href":"https:\/\/vocesdebaires.com.ar\/index.php\/wp-json\/wp\/v2\/posts\/5895\/revisions"}],"wp:featuredmedia":[{"embeddable":true,"href":"https:\/\/vocesdebaires.com.ar\/index.php\/wp-json\/wp\/v2\/media\/5896"}],"wp:attachment":[{"href":"https:\/\/vocesdebaires.com.ar\/index.php\/wp-json\/wp\/v2\/media?parent=5895"}],"wp:term":[{"taxonomy":"category","embeddable":true,"href":"https:\/\/vocesdebaires.com.ar\/index.php\/wp-json\/wp\/v2\/categories?post=5895"},{"taxonomy":"post_tag","embeddable":true,"href":"https:\/\/vocesdebaires.com.ar\/index.php\/wp-json\/wp\/v2\/tags?post=5895"}],"curies":[{"name":"wp","href":"https:\/\/api.w.org\/{rel}","templated":true}]}}