{"id":5897,"date":"2019-07-22T03:00:00","date_gmt":"2019-07-22T06:00:00","guid":{"rendered":"http:\/\/vocesdebaires.com.ar\/wordpress\/index.php\/2019\/07\/22\/plaza-houssay-reabre-locales-gastronomicos\/"},"modified":"2019-07-22T03:00:00","modified_gmt":"2019-07-22T06:00:00","slug":"plaza-houssay-reabre-locales-gastronomicos","status":"publish","type":"post","link":"https:\/\/vocesdebaires.com.ar\/index.php\/2019\/07\/22\/plaza-houssay-reabre-locales-gastronomicos\/","title":{"rendered":"Plaza Houssay: Reabre locales gastron\u00f3micos"},"content":{"rendered":"<p>Vecinos y estudiantes esperan con ansias la reapertura de la plaza Houssay que estuvo cerrada durante un a\u00f1o y cuatro meses. Desde el Gobierno esperan quitar las vallas hoy lunes para que la gente pueda circular. El espacio est\u00e1 ubicado entre el Hospital de Cl\u00ednicas y las facultades de Econom\u00eda, Medicina, Farmacia y Odontolog\u00eda de la Universidad de Buenos Aires. Es el lugar de paso de m\u00e1s de 170.000 personas por d\u00eda, aunque, seg\u00fan public\u00f3 el gobierno de la ciudad, solo el 25% de las personas que la transitaban usaban el espacio de noche. Algo que, esperan, cambie con la remodelaci\u00f3n.<\/p>\n<p>Algunos de los locales gastron\u00f3micos que seg\u00fan La Naci\u00f3n, en principio, abrir\u00e1n el pr\u00f3ximo lunes, ser\u00e1n Freddo y Mc Donald\u2019s. Una semana m\u00e1s tarde levantar\u00e1n la persiana Pani, Mostaza y Tostado y, a partir de agosto, inauguraran Antares, Hell\u2019s Pizza y Muu Lecher\u00eda. Los locales estar\u00e1n abiertos hasta las 23, seg\u00fan el Gobierno. Las cuatro salas de cine estar\u00e1n disponibles a partir de septiembre. Mientras que el segundo subsuelo va a seguir funcionando como estacionamiento para 500 autos. A trav\u00e9s del equipo de Antropolog\u00eda Urbana se trabaj\u00f3 con vecinos y estudiantes, y el pedido fundamental fue m\u00e1s actividades en la plaza, de ser posible hasta tarde, para que circular por la zona fuese seguro y agradable, tambi\u00e9n para los alumnos de los \u00faltimos turnos.<\/p>\n<p>Con ese eje, el dise\u00f1o se bas\u00f3 en lograr buena visibilidad en los caminos, conexi\u00f3n directa con el subte, m\u00e1s iluminaci\u00f3n y un patio p\u00fablico que invita a quedarse, explica \u00c1lvaro Garc\u00eda Resta, subsecretario de proyectos del gobierno porte\u00f1o. El proyecto contempla la construcci\u00f3n de un anfiteatro natural con la inclinaci\u00f3n de uno de los sectores de la plaza, desde la vereda de C\u00f3rdoba, hacia el centro. Bajo la superficie se construyeron dos pisos que representan 1900 m2 nuevos de espacio p\u00fablico. Al nivel de la calle, se sumaron zonas parquizadas con estaciones para hacer ejercicio, juegos para chicos y un trazado que facilita el cruce diagonal.<\/p>\n<p>Me parece b\u00e1rbaro, es una de las grandes obras de Larreta. La plaza anterior estaba muy dejada y era muy insegura. Yo ya estoy grande pero, por ah\u00ed, alguna vez, me vengo al cine, cuenta a La Naci\u00f3n Guillermo D\u00b4Oro de 94 a\u00f1os, vecino de la zona. Esta plaza la arreglaron 10 veces. Ahora veo cambios positivos. Yo trabajo hace 20 a\u00f1os ac\u00e1 y vi de todo, ahora me parece que va a venir m\u00e1s gente. Para los chicos est\u00e1 muy bueno, pero seguro va a funcionar m\u00e1s en la semana que el fin de semana, afirma, Dami\u00e1n Mart\u00ednez, que vende golosinas en la puerta de la facultad de Econom\u00eda.<\/p>\n<p>Tenemos muy buenas expectativas por la apertura de este nuevo local. El proyecto y las marcas que se sumaron hacen una propuesta diversa e interesante, dice Federico Nievas, jefe de marketing y publicidad de Freddo. La expectativa es inmensa por el enorme flujo de personas que pasa por ah\u00ed y por la envergadura de la obra. La plaza estaba venida a menos, lo que hicieron est\u00e1 muy bueno, apunta Danilo Ferraz, responsable gastron\u00f3mico de Hell\u2019s Pizza.Todas las empresas tienen pensado ofrecer promociones para los estudiantes de la zona. La plaza Houssay, desde su inauguraci\u00f3n en 1980, durante la dictadura militar, fue un espacio gris, con pocos espacios verdes e inc\u00f3modos para la gente que circulaba.<\/p>\n","protected":false},"excerpt":{"rendered":"<p>Vecinos y estudiantes esperan con ansias la reapertura de la plaza Houssay que estuvo cerrada durante un a\u00f1o y cuatro meses. Desde el Gobierno esperan quitar las vallas hoy lunes para que la gente pueda circular. El espacio est\u00e1 ubicado entre el Hospital de Cl\u00ednicas y las facultades de Econom\u00eda, Medicina, Farmacia y Odontolog\u00eda de [&hellip;]<\/p>\n","protected":false},"author":1,"featured_media":5898,"comment_status":"open","ping_status":"open","sticky":false,"template":"","format":"standard","meta":{"_et_pb_use_builder":"","_et_pb_old_content":"","_et_gb_content_width":"","footnotes":""},"categories":[11,32],"tags":[],"class_list":["post-5897","post","type-post","status-publish","format-standard","has-post-thumbnail","hentry","category-ciudad","category-comunas"],"_links":{"self":[{"href":"https:\/\/vocesdebaires.com.ar\/index.php\/wp-json\/wp\/v2\/posts\/5897"}],"collection":[{"href":"https:\/\/vocesdebaires.com.ar\/index.php\/wp-json\/wp\/v2\/posts"}],"about":[{"href":"https:\/\/vocesdebaires.com.ar\/index.php\/wp-json\/wp\/v2\/types\/post"}],"author":[{"embeddable":true,"href":"https:\/\/vocesdebaires.com.ar\/index.php\/wp-json\/wp\/v2\/users\/1"}],"replies":[{"embeddable":true,"href":"https:\/\/vocesdebaires.com.ar\/index.php\/wp-json\/wp\/v2\/comments?post=5897"}],"version-history":[{"count":0,"href":"https:\/\/vocesdebaires.com.ar\/index.php\/wp-json\/wp\/v2\/posts\/5897\/revisions"}],"wp:featuredmedia":[{"embeddable":true,"href":"https:\/\/vocesdebaires.com.ar\/index.php\/wp-json\/wp\/v2\/media\/5898"}],"wp:attachment":[{"href":"https:\/\/vocesdebaires.com.ar\/index.php\/wp-json\/wp\/v2\/media?parent=5897"}],"wp:term":[{"taxonomy":"category","embeddable":true,"href":"https:\/\/vocesdebaires.com.ar\/index.php\/wp-json\/wp\/v2\/categories?post=5897"},{"taxonomy":"post_tag","embeddable":true,"href":"https:\/\/vocesdebaires.com.ar\/index.php\/wp-json\/wp\/v2\/tags?post=5897"}],"curies":[{"name":"wp","href":"https:\/\/api.w.org\/{rel}","templated":true}]}}