{"id":5915,"date":"2019-07-19T03:00:00","date_gmt":"2019-07-19T06:00:00","guid":{"rendered":"http:\/\/vocesdebaires.com.ar\/wordpress\/index.php\/2019\/07\/19\/san-telmo-vecinos-presentaron-dos-proyectos\/"},"modified":"2019-07-19T03:00:00","modified_gmt":"2019-07-19T06:00:00","slug":"san-telmo-vecinos-presentaron-dos-proyectos","status":"publish","type":"post","link":"https:\/\/vocesdebaires.com.ar\/index.php\/2019\/07\/19\/san-telmo-vecinos-presentaron-dos-proyectos\/","title":{"rendered":"San Telmo: Vecinos presentaron dos proyectos"},"content":{"rendered":"<p>Vecinos y organizaciones de San Telmo representaron dos Proyecto de Ley que propone la creaci\u00f3n de una Escuela Infantil y la ampliaci\u00f3n del CESAC 15 en los espacios que quedan sin recuperar en donde funcionara el ex Patronato de la Infancia (PADELAI).Claudia Moyano, delegada de Cooperadoras Escolares de la Comuna 1 y miembro del espacio San Telmo x la Educaci\u00f3n, dijo: &quot;Luego de que el primer proyecto que hab\u00edamos presentado se cayera x no haber sido tratado por la Legislatura, la comunidad del barrio vuelve a representar este pedido que tiene como eje fortalecer la salud y la educaci\u00f3n mediante la ampliaci\u00f3n del CESAC 15, que hace un gran trabajo en el barrio pero su edificio le queda muy chico; y la creaci\u00f3n de una escuela infantil por que la falta de vacantes en ese nivel y en el barrio es escandalosa&quot;.Y agreg\u00f3: &quot;Esperamos que los legisladores no solo defiendan la salud y la educaci\u00f3n en sus discursos de campa\u00f1a y traten y aprueben este proyecto de ley, que de verdad pretende mejorar la calidad de vida del barrio&quot;.<\/p>\n","protected":false},"excerpt":{"rendered":"<p>Vecinos y organizaciones de San Telmo representaron dos Proyecto de Ley que propone la creaci\u00f3n de una Escuela Infantil y la ampliaci\u00f3n del CESAC 15 en los espacios que quedan sin recuperar en donde funcionara el ex Patronato de la Infancia (PADELAI).Claudia Moyano, delegada de Cooperadoras Escolares de la Comuna 1 y miembro del espacio [&hellip;]<\/p>\n","protected":false},"author":1,"featured_media":5916,"comment_status":"open","ping_status":"open","sticky":false,"template":"","format":"standard","meta":{"_et_pb_use_builder":"","_et_pb_old_content":"","_et_gb_content_width":"","footnotes":""},"categories":[11,32],"tags":[],"class_list":["post-5915","post","type-post","status-publish","format-standard","has-post-thumbnail","hentry","category-ciudad","category-comunas"],"_links":{"self":[{"href":"https:\/\/vocesdebaires.com.ar\/index.php\/wp-json\/wp\/v2\/posts\/5915"}],"collection":[{"href":"https:\/\/vocesdebaires.com.ar\/index.php\/wp-json\/wp\/v2\/posts"}],"about":[{"href":"https:\/\/vocesdebaires.com.ar\/index.php\/wp-json\/wp\/v2\/types\/post"}],"author":[{"embeddable":true,"href":"https:\/\/vocesdebaires.com.ar\/index.php\/wp-json\/wp\/v2\/users\/1"}],"replies":[{"embeddable":true,"href":"https:\/\/vocesdebaires.com.ar\/index.php\/wp-json\/wp\/v2\/comments?post=5915"}],"version-history":[{"count":0,"href":"https:\/\/vocesdebaires.com.ar\/index.php\/wp-json\/wp\/v2\/posts\/5915\/revisions"}],"wp:featuredmedia":[{"embeddable":true,"href":"https:\/\/vocesdebaires.com.ar\/index.php\/wp-json\/wp\/v2\/media\/5916"}],"wp:attachment":[{"href":"https:\/\/vocesdebaires.com.ar\/index.php\/wp-json\/wp\/v2\/media?parent=5915"}],"wp:term":[{"taxonomy":"category","embeddable":true,"href":"https:\/\/vocesdebaires.com.ar\/index.php\/wp-json\/wp\/v2\/categories?post=5915"},{"taxonomy":"post_tag","embeddable":true,"href":"https:\/\/vocesdebaires.com.ar\/index.php\/wp-json\/wp\/v2\/tags?post=5915"}],"curies":[{"name":"wp","href":"https:\/\/api.w.org\/{rel}","templated":true}]}}