{"id":5943,"date":"2019-05-31T03:00:00","date_gmt":"2019-05-31T06:00:00","guid":{"rendered":"http:\/\/vocesdebaires.com.ar\/wordpress\/index.php\/2019\/05\/31\/barrio-mitre-desarticulan-una-banda-de-narco\/"},"modified":"2019-05-31T03:00:00","modified_gmt":"2019-05-31T06:00:00","slug":"barrio-mitre-desarticulan-una-banda-de-narco","status":"publish","type":"post","link":"https:\/\/vocesdebaires.com.ar\/index.php\/2019\/05\/31\/barrio-mitre-desarticulan-una-banda-de-narco\/","title":{"rendered":"Barrio Mitre: Desarticulan una banda de narco"},"content":{"rendered":"<p>A partir de una denuncia, la Polic\u00eda de la Ciudad investig\u00f3 y detuvo a cuatro miembros de una organizaci\u00f3n que comercializaba drogas al menudeo. Fueron secuestradas armas y coca\u00edna. A ra\u00edz de un llamado al 911 en febrero de este a\u00f1o, refiriendo que en dos casas del Barrio Presidente Mitre se estar\u00edan vendiendo drogas, tomando intervenci\u00f3n en aquella oportunidad el \u00c1rea de Casos Especiales de la Unidad Fiscal Norte, que encomend\u00f3 a la Direcci\u00f3n de Lucha Contra el Tr\u00e1fico y Venta Ilegal de Drogas de la Polic\u00eda de la Ciudad investiga la denuncia.Las tareas fueron llevadas a cabo por brigadas de la Divisi\u00f3n Operaciones, y r\u00e1pidamente se logr\u00f3 identificar a dos hombres de 46 y 49 a\u00f1os que, efectivamente, comercializaban estupefacientes.<\/p>\n<p>Con las pruebas obtenidas, el Juzgado Penal, Contravencional y de Faltas N\u00b0 31 a cargo de la Dra. Susana Beatriz Parada libr\u00f3 las \u00f3rdenes de allanamiento y detenci\u00f3n, y los dos investigados fueron atrapados en una de las viviendas, mientras que en el segundo domicilio fueron detenidos un hombre de 69 a\u00f1os y una mujer de 63, y se secuestr\u00f3 una escopeta calibre 16 con la numeraci\u00f3n limada, 40 envoltorios con coca\u00edna, 17 celulares, una balanza electr\u00f3nica de precisi\u00f3n, nylon y otros materiales para fraccionar droga, 3.600 pesos y una cantidad menor de d\u00f3lares y pesos mexicanos. <br \/>Los detenidos fueron trasladados a la Alcaid\u00eda 15 y puestos a disposici\u00f3n de la Justicia.<\/p>\n","protected":false},"excerpt":{"rendered":"<p>A partir de una denuncia, la Polic\u00eda de la Ciudad investig\u00f3 y detuvo a cuatro miembros de una organizaci\u00f3n que comercializaba drogas al menudeo. Fueron secuestradas armas y coca\u00edna. A ra\u00edz de un llamado al 911 en febrero de este a\u00f1o, refiriendo que en dos casas del Barrio Presidente Mitre se estar\u00edan vendiendo drogas, tomando [&hellip;]<\/p>\n","protected":false},"author":1,"featured_media":5944,"comment_status":"open","ping_status":"open","sticky":false,"template":"","format":"standard","meta":{"_et_pb_use_builder":"","_et_pb_old_content":"","_et_gb_content_width":"","footnotes":""},"categories":[11,32],"tags":[],"class_list":["post-5943","post","type-post","status-publish","format-standard","has-post-thumbnail","hentry","category-ciudad","category-comunas"],"_links":{"self":[{"href":"https:\/\/vocesdebaires.com.ar\/index.php\/wp-json\/wp\/v2\/posts\/5943"}],"collection":[{"href":"https:\/\/vocesdebaires.com.ar\/index.php\/wp-json\/wp\/v2\/posts"}],"about":[{"href":"https:\/\/vocesdebaires.com.ar\/index.php\/wp-json\/wp\/v2\/types\/post"}],"author":[{"embeddable":true,"href":"https:\/\/vocesdebaires.com.ar\/index.php\/wp-json\/wp\/v2\/users\/1"}],"replies":[{"embeddable":true,"href":"https:\/\/vocesdebaires.com.ar\/index.php\/wp-json\/wp\/v2\/comments?post=5943"}],"version-history":[{"count":0,"href":"https:\/\/vocesdebaires.com.ar\/index.php\/wp-json\/wp\/v2\/posts\/5943\/revisions"}],"wp:featuredmedia":[{"embeddable":true,"href":"https:\/\/vocesdebaires.com.ar\/index.php\/wp-json\/wp\/v2\/media\/5944"}],"wp:attachment":[{"href":"https:\/\/vocesdebaires.com.ar\/index.php\/wp-json\/wp\/v2\/media?parent=5943"}],"wp:term":[{"taxonomy":"category","embeddable":true,"href":"https:\/\/vocesdebaires.com.ar\/index.php\/wp-json\/wp\/v2\/categories?post=5943"},{"taxonomy":"post_tag","embeddable":true,"href":"https:\/\/vocesdebaires.com.ar\/index.php\/wp-json\/wp\/v2\/tags?post=5943"}],"curies":[{"name":"wp","href":"https:\/\/api.w.org\/{rel}","templated":true}]}}