{"id":5949,"date":"2019-05-31T03:00:00","date_gmt":"2019-05-31T06:00:00","guid":{"rendered":"http:\/\/vocesdebaires.com.ar\/wordpress\/index.php\/2019\/05\/31\/reconocimiento-al-instituto-industrial-luis-huergo-2\/"},"modified":"2019-05-31T03:00:00","modified_gmt":"2019-05-31T06:00:00","slug":"reconocimiento-al-instituto-industrial-luis-huergo-2","status":"publish","type":"post","link":"https:\/\/vocesdebaires.com.ar\/index.php\/2019\/05\/31\/reconocimiento-al-instituto-industrial-luis-huergo-2\/","title":{"rendered":"Reconocimiento al Instituto Industrial Luis Huergo"},"content":{"rendered":"<p>La Legislatura de la Ciudad dispuso la entrega de un diploma en reconocimiento al Instituto Industrial &quot;Luis Augusto Huergo&quot; con motivo de conmemorarse los 85 a\u00f1os de su fundaci\u00f3n y &quot;en reconocimiento de su ejemplar proyecto pedag\u00f3gico que contempla el desarrollo aut\u00f3nomo del pensamiento cr\u00edtico, el respeto por la diversidad y la articulaci\u00f3n entre el saber y el saber hacer&quot;. El Instituto fue fundado en el a\u00f1o 1934 por el ingeniero Le\u00f3n Halpern junto con algunos colegas con quienes compart\u00eda la vocaci\u00f3n docente. Lleva su nombre en honor a Luis A. Huergo, primer ingeniero graduado en el pa\u00eds y primer presidente de la Sociedad Cient\u00edfica Argentina.<\/p>\n<p>Ubicado en Per\u00fa 759 del barrio de San Telmo &#8211; Comuna 1, se trata de una instituci\u00f3n de gesti\u00f3n privada, mixta, de jornada completa y de formaci\u00f3n laica, donde se ense\u00f1a ingl\u00e9s en un nivel general y se ofrecen servicios educativos en la modalidad de educaci\u00f3n com\u00fan en dos niveles: secundario y secundario t\u00e9cnico.La visi\u00f3n del Instituto Huergo se orienta al respeto y la valoraci\u00f3n de la diversidad de capacidades e inteligencias de toda su comunidad, basada en un modelo de organizaci\u00f3n flexible y una cultura colaborativa. Asume un liderazgo orientado a motivar el ejercicio responsable de decisiones, y a optimizar las capacidades individuales y grupales para facilitar los procesos de cambio e innovaci\u00f3n. El legislador Sergio Abrevaya (GEN) es autor de la iniciativa.<\/p>\n","protected":false},"excerpt":{"rendered":"<p>La Legislatura de la Ciudad dispuso la entrega de un diploma en reconocimiento al Instituto Industrial &quot;Luis Augusto Huergo&quot; con motivo de conmemorarse los 85 a\u00f1os de su fundaci\u00f3n y &quot;en reconocimiento de su ejemplar proyecto pedag\u00f3gico que contempla el desarrollo aut\u00f3nomo del pensamiento cr\u00edtico, el respeto por la diversidad y la articulaci\u00f3n entre el [&hellip;]<\/p>\n","protected":false},"author":1,"featured_media":2659,"comment_status":"open","ping_status":"open","sticky":false,"template":"","format":"standard","meta":{"_et_pb_use_builder":"","_et_pb_old_content":"","_et_gb_content_width":"","footnotes":""},"categories":[11,33],"tags":[],"class_list":["post-5949","post","type-post","status-publish","format-standard","has-post-thumbnail","hentry","category-ciudad","category-sociedad-y-cultura-2"],"_links":{"self":[{"href":"https:\/\/vocesdebaires.com.ar\/index.php\/wp-json\/wp\/v2\/posts\/5949"}],"collection":[{"href":"https:\/\/vocesdebaires.com.ar\/index.php\/wp-json\/wp\/v2\/posts"}],"about":[{"href":"https:\/\/vocesdebaires.com.ar\/index.php\/wp-json\/wp\/v2\/types\/post"}],"author":[{"embeddable":true,"href":"https:\/\/vocesdebaires.com.ar\/index.php\/wp-json\/wp\/v2\/users\/1"}],"replies":[{"embeddable":true,"href":"https:\/\/vocesdebaires.com.ar\/index.php\/wp-json\/wp\/v2\/comments?post=5949"}],"version-history":[{"count":0,"href":"https:\/\/vocesdebaires.com.ar\/index.php\/wp-json\/wp\/v2\/posts\/5949\/revisions"}],"wp:featuredmedia":[{"embeddable":true,"href":"https:\/\/vocesdebaires.com.ar\/index.php\/wp-json\/wp\/v2\/media\/2659"}],"wp:attachment":[{"href":"https:\/\/vocesdebaires.com.ar\/index.php\/wp-json\/wp\/v2\/media?parent=5949"}],"wp:term":[{"taxonomy":"category","embeddable":true,"href":"https:\/\/vocesdebaires.com.ar\/index.php\/wp-json\/wp\/v2\/categories?post=5949"},{"taxonomy":"post_tag","embeddable":true,"href":"https:\/\/vocesdebaires.com.ar\/index.php\/wp-json\/wp\/v2\/tags?post=5949"}],"curies":[{"name":"wp","href":"https:\/\/api.w.org\/{rel}","templated":true}]}}