{"id":5962,"date":"2019-05-30T03:00:00","date_gmt":"2019-05-30T06:00:00","guid":{"rendered":"http:\/\/vocesdebaires.com.ar\/wordpress\/index.php\/2019\/05\/30\/tres-escuelas-denuncian-invasion-de-ratas\/"},"modified":"2019-05-30T03:00:00","modified_gmt":"2019-05-30T06:00:00","slug":"tres-escuelas-denuncian-invasion-de-ratas","status":"publish","type":"post","link":"https:\/\/vocesdebaires.com.ar\/index.php\/2019\/05\/30\/tres-escuelas-denuncian-invasion-de-ratas\/","title":{"rendered":"Tres escuelas denuncian invasi\u00f3n de ratas"},"content":{"rendered":"<p>Una invasi\u00f3n de ratas. Eso es lo que denuncian que est\u00e1n sufriendo las comunidades educativas de las Escuelas 11 del Distrito Escolar 8, \u201cMarcelo T. de Alvear\u201d; la de comercio N\u00ba 19 Juan Montalvo, y el Jard\u00edn Jin A Escultora Lola Mora. Todas instituciones ubicadas en la misma manzana del barrio de Caballito.Hace unos d\u00edas, la Escuela Marcelo T. de Alvear debi\u00f3 cerrar sus puertas tras el hallazgo de roedores en sus instalaciones, tal como tambi\u00e9n hab\u00eda ocurrido hace semanas en Flores y Almagro. Ahora denuncian que apareci\u00f3 un roedor en la Sala Naranja (3 a\u00f1os) del Jard\u00edn que comparte el edificio.<\/p>\n<p>Padres aseguran que la desesperante situaci\u00f3n es constante en toda la manzana comprendida entre la Av. Alberdi, Senillosa, Doblas y Formosa, y que no reciben respuesta del Gobierno de la Ciudad. Algo similar ocurri\u00f3 en las \u00faltimas semanas en otras escuelas del distrito. En abril, los alumnos de la escuela primaria de Flores N\u00b015 D.E.12 Carlos Tom\u00e1s Sourigues tuvieron que convivir con una \u201cinvasi\u00f3n de ratas\u201d hasta que finalmente suspendieron las clases. Los padres, alumnos y docentes de la escuela tuvieron que recurrir a la Legislatura porte\u00f1a para exigir la desratizaci\u00f3n definitiva.<\/p>\n<p>En Almagro, la comunidad educativa de la escuela Rosario Vera Pe\u00f1aloza, en Pringles 1165, tuvo que organizar ruidazo, volanteadas y otras medidas de protesta para visibilizar el reclamo.Todo esto ocurre mientras la educaci\u00f3n est\u00e1 en el centro del debate en la campa\u00f1a electoral de cara a octubre. Mientras el jefe de Gobierno, Horacio Rodr\u00edguez Larreta, sigue incluyendo la \u201ctransformaci\u00f3n educativa\u201d entre sus logros de gesti\u00f3n y hablando del Plan 54 Nuevas Escuelas, la oposici\u00f3n denuncia falencias en materia de infraestructura, comedores y presupuesto educativo en general.<\/p>\n","protected":false},"excerpt":{"rendered":"<p>Una invasi\u00f3n de ratas. Eso es lo que denuncian que est\u00e1n sufriendo las comunidades educativas de las Escuelas 11 del Distrito Escolar 8, \u201cMarcelo T. de Alvear\u201d; la de comercio N\u00ba 19 Juan Montalvo, y el Jard\u00edn Jin A Escultora Lola Mora. Todas instituciones ubicadas en la misma manzana del barrio de Caballito.Hace unos d\u00edas, [&hellip;]<\/p>\n","protected":false},"author":1,"featured_media":5963,"comment_status":"open","ping_status":"open","sticky":false,"template":"","format":"standard","meta":{"_et_pb_use_builder":"","_et_pb_old_content":"","_et_gb_content_width":"","footnotes":""},"categories":[11,32],"tags":[],"class_list":["post-5962","post","type-post","status-publish","format-standard","has-post-thumbnail","hentry","category-ciudad","category-comunas"],"_links":{"self":[{"href":"https:\/\/vocesdebaires.com.ar\/index.php\/wp-json\/wp\/v2\/posts\/5962"}],"collection":[{"href":"https:\/\/vocesdebaires.com.ar\/index.php\/wp-json\/wp\/v2\/posts"}],"about":[{"href":"https:\/\/vocesdebaires.com.ar\/index.php\/wp-json\/wp\/v2\/types\/post"}],"author":[{"embeddable":true,"href":"https:\/\/vocesdebaires.com.ar\/index.php\/wp-json\/wp\/v2\/users\/1"}],"replies":[{"embeddable":true,"href":"https:\/\/vocesdebaires.com.ar\/index.php\/wp-json\/wp\/v2\/comments?post=5962"}],"version-history":[{"count":0,"href":"https:\/\/vocesdebaires.com.ar\/index.php\/wp-json\/wp\/v2\/posts\/5962\/revisions"}],"wp:featuredmedia":[{"embeddable":true,"href":"https:\/\/vocesdebaires.com.ar\/index.php\/wp-json\/wp\/v2\/media\/5963"}],"wp:attachment":[{"href":"https:\/\/vocesdebaires.com.ar\/index.php\/wp-json\/wp\/v2\/media?parent=5962"}],"wp:term":[{"taxonomy":"category","embeddable":true,"href":"https:\/\/vocesdebaires.com.ar\/index.php\/wp-json\/wp\/v2\/categories?post=5962"},{"taxonomy":"post_tag","embeddable":true,"href":"https:\/\/vocesdebaires.com.ar\/index.php\/wp-json\/wp\/v2\/tags?post=5962"}],"curies":[{"name":"wp","href":"https:\/\/api.w.org\/{rel}","templated":true}]}}