{"id":597,"date":"2020-01-22T03:00:00","date_gmt":"2020-01-22T06:00:00","guid":{"rendered":"http:\/\/vocesdebaires.com.ar\/wordpress\/index.php\/2020\/01\/22\/patrulleros-nuevos-para-el-partido-de-la-costa\/"},"modified":"2020-01-22T03:00:00","modified_gmt":"2020-01-22T06:00:00","slug":"patrulleros-nuevos-para-el-partido-de-la-costa","status":"publish","type":"post","link":"https:\/\/vocesdebaires.com.ar\/index.php\/2020\/01\/22\/patrulleros-nuevos-para-el-partido-de-la-costa\/","title":{"rendered":"Patrulleros nuevos para el partido de La Costa"},"content":{"rendered":"<p>El ministro de Seguridad de la provincia de Buenos Aires, Dr. Sergio Berni, particip\u00f3 en la localidad balnearia de San Bernardo, junto al intendente del partido de La Costa, Cristian Cardozo,\u00a0 de\u00a0 la entrega de 10 m\u00f3viles destinados a fortalecer el patrullaje y las tareas preventivas de la Polic\u00eda Local en esa regi\u00f3n atl\u00e1ntica.<\/p>\n<p>\u00abQuiero resaltar el compromiso del intendente, el esfuerzo del municipio y de los ciudadanos para incorporar estas 10 unidades\u00bb, asegur\u00f3 Berni durante el acto y afirm\u00f3: \u00abhemos comenzado un programa de profesionalizaci\u00f3n de la Polic\u00eda donde los intendentes van a tener un rol fundamental en el control pol\u00edtico de la fuerza de seguridad en cada uno de los distritos\u00bb.<\/p>\n<p>A su vez, el funcionario provincial sostuvo que \u00abcuando uno habla de seguridad no solo tiene que ver con cantidad de patrulleros sino con una pol\u00edtica integral\u00bb. La entrega de los m\u00f3viles tuvo lugar en el Parador San Bernardo, ubicado en la Avenida Costanera entre Zuvir\u00eda y Hern\u00e1ndez, de esa localidad. Del acto participaron tambi\u00e9n la senadora Gabriela Demar\u00eda, el diputado provincial Juan Pablo De Jes\u00fas, autoridades policiales y municipales.<\/p>\n","protected":false},"excerpt":{"rendered":"<p>El ministro de Seguridad de la provincia de Buenos Aires, Dr. Sergio Berni, particip\u00f3 en la localidad balnearia de San Bernardo, junto al intendente del partido de La Costa, Cristian Cardozo,\u00a0 de\u00a0 la entrega de 10 m\u00f3viles destinados a fortalecer el patrullaje y las tareas preventivas de la Polic\u00eda Local en esa regi\u00f3n atl\u00e1ntica. \u00abQuiero [&hellip;]<\/p>\n","protected":false},"author":1,"featured_media":598,"comment_status":"open","ping_status":"open","sticky":false,"template":"","format":"standard","meta":{"_et_pb_use_builder":"","_et_pb_old_content":"","_et_gb_content_width":"","footnotes":""},"categories":[34,13],"tags":[],"class_list":["post-597","post","type-post","status-publish","format-standard","has-post-thumbnail","hentry","category-politica","category-provincia"],"_links":{"self":[{"href":"https:\/\/vocesdebaires.com.ar\/index.php\/wp-json\/wp\/v2\/posts\/597"}],"collection":[{"href":"https:\/\/vocesdebaires.com.ar\/index.php\/wp-json\/wp\/v2\/posts"}],"about":[{"href":"https:\/\/vocesdebaires.com.ar\/index.php\/wp-json\/wp\/v2\/types\/post"}],"author":[{"embeddable":true,"href":"https:\/\/vocesdebaires.com.ar\/index.php\/wp-json\/wp\/v2\/users\/1"}],"replies":[{"embeddable":true,"href":"https:\/\/vocesdebaires.com.ar\/index.php\/wp-json\/wp\/v2\/comments?post=597"}],"version-history":[{"count":0,"href":"https:\/\/vocesdebaires.com.ar\/index.php\/wp-json\/wp\/v2\/posts\/597\/revisions"}],"wp:featuredmedia":[{"embeddable":true,"href":"https:\/\/vocesdebaires.com.ar\/index.php\/wp-json\/wp\/v2\/media\/598"}],"wp:attachment":[{"href":"https:\/\/vocesdebaires.com.ar\/index.php\/wp-json\/wp\/v2\/media?parent=597"}],"wp:term":[{"taxonomy":"category","embeddable":true,"href":"https:\/\/vocesdebaires.com.ar\/index.php\/wp-json\/wp\/v2\/categories?post=597"},{"taxonomy":"post_tag","embeddable":true,"href":"https:\/\/vocesdebaires.com.ar\/index.php\/wp-json\/wp\/v2\/tags?post=597"}],"curies":[{"name":"wp","href":"https:\/\/api.w.org\/{rel}","templated":true}]}}