{"id":5976,"date":"2019-05-29T03:00:00","date_gmt":"2019-05-29T06:00:00","guid":{"rendered":"http:\/\/vocesdebaires.com.ar\/wordpress\/index.php\/2019\/05\/29\/rejas-en-plaza-de-mayo-audiencia-publica\/"},"modified":"2019-05-29T03:00:00","modified_gmt":"2019-05-29T06:00:00","slug":"rejas-en-plaza-de-mayo-audiencia-publica","status":"publish","type":"post","link":"https:\/\/vocesdebaires.com.ar\/index.php\/2019\/05\/29\/rejas-en-plaza-de-mayo-audiencia-publica\/","title":{"rendered":"Rejas en Plaza de Mayo: Audiencia P\u00fablica"},"content":{"rendered":"<p>&quot;Se permite la instalaci\u00f3n de un cerco de seguridad (reja) emplazado de modo transversal desde Av. Hip\u00f3lito Yrigoyen hasta Av. Rivadavia, por detr\u00e1s de la Pir\u00e1mide de Mayo, a la altura del eje de las calles Defensa y Reconquista&quot;, dice la ley que recibi\u00f3 aprobaci\u00f3n inicial en la sesi\u00f3n del 28 de marzo de este a\u00f1o y que pas\u00f3 por Audiencia P\u00fablica. El objetivo es incorporar dicho texto al C\u00f3digo Urban\u00edstico de la Ciudad de Buenos Aires como un nuevo inciso de las especificaciones referidas a la Plaza de Mayo, en el apartado de \u00c1reas de Protecci\u00f3n Hist\u00f3rica (APH1).<\/p>\n<p>Ayer por la tarde, desde la direcci\u00f3n general de espacios verdes del Ministerio de Ambiente y Espacio P\u00fablico del GCBA explicaron que &quot;es un sistema de rejas de las mismas caracter\u00edsticas a las de Casa Rosada. La intenci\u00f3n es que est\u00e9n siempre abiertas al paso peatonal salvo que organismos de seguridad dispongan lo contrario&quot;. Tambi\u00e9n resaltaron que &quot;se busca cuidar el espacio p\u00fablico, el patrimonio y a las personas&quot;.Adem\u00e1s, los funcionarios informaron sobre el plan que incluy\u00f3 la puesta en valor de la Plaza de Mayo &quot;con una ampliaci\u00f3n de veredas y casi 800 metros cuadrados de nuevo espacio verde&quot;.<\/p>\n<p>El proyecto tambi\u00e9n contempl\u00f3 la restauraci\u00f3n de la Pir\u00e1mide de Mayo e informaron que se tuvo en cuanta el uso cotidiano del lugar y a las grandes movilizaciones. Ciudadanos inscriptos para expresarse en la audiencia se manifestaron a favor y en contra de la iniciativa. Fundamentaron centralmente sus opiniones positivas relacionadas a la seguridad mientras que cuestionaron la restricci\u00f3n del uso del espacio p\u00fablico.Los vallados de seguridad aparecieron en ese paseo emblem\u00e1tico a fines de 2001 y comienzo de 2002, como contenci\u00f3n met\u00e1lica inicialmente precaria para protecci\u00f3n de la sede gubernamental durante manifestaciones populares. En los siguientes a\u00f1os las vallas se ampliaron, aferraron, soldaron y\/o cementaron; incluso en 2013 se coloc\u00f3 una reja.<\/p>\n<p>En 2018 la Jefatura de Gobierno inaugur\u00f3 importantes remodelaciones en la plaza, entre ellas la colocaci\u00f3n de una reja permanente, de mejor calidad estructural y est\u00e9tica, con portones para permitir o restringir el ingreso a la mitad de la plaza m\u00e1s pr\u00f3xima a la Casa Rosada, ya fuere para peatones o para veh\u00edculos que deban transitar por las calles Yrigoyen o Rivadavia.Por acci\u00f3n de una ONG que present\u00f3 un recurso de amparo, el Juzgado de 1ra. Instancia en lo Contencioso Administrativo y Tributario de la Ciudad Nro. 8, a cargo del juez Osvaldo Otheguy, declar\u00f3 ilegal a ese cerco por no haber sido autorizado por ley, ya que se trata de un \u00c1rea de Protecci\u00f3n Hist\u00f3rica Espec\u00edfica.<\/p>\n<p>El oficialismo metropolitano explic\u00f3 que &quot;se contempl\u00f3 la instalaci\u00f3n de un cerco dispuesto transversalmente a cargo del Ministerio de Ambiente y Espacio P\u00fablico de la Ciudad, por solicitud de la Casa Militar de la Presidencia de la Naci\u00f3n. En la actualidad, consta de un sistema de rejas compuestas por columnas y pa\u00f1os que conservan y respetan el estilo de aquellas que rodean la Casa Rosada. El sistema es est\u00e1tico y manual en cuanto a su funcionamiento y, a diferencia de las vallas, permite ser parcialmente desmontado&quot;.<\/p>\n<p>El proyecto lleg\u00f3 al recintos de sesiones acompa\u00f1ado por los informes t\u00e9cnicos del Ministerio de Ambiente y Espacio P\u00fablico; una nota del Consejo Asesor de Asuntos Patrimoniales, &quot;que presta conformidad con el proyecto, entendiendo las circunstancias de coyuntura que propician su necesidad&quot;, y sendos dict\u00e1menes del Consejo del Plan Urbano Ambiental y de la Comisi\u00f3n Especial de Patrimonio Arquitect\u00f3nico y Paisaj\u00edstico. La Plaza de Mayo, es parte del \u201cEje c\u00edvico institucional de la Ciudad\u201d -Distrito APH1- y fue protegida como Lugar Hist\u00f3rico Nacional en 1942 a trav\u00e9s del Decreto N\u00b0 122. 096\/42.<\/p>\n<p>La Comisi\u00f3n Nacional de Monumentos, Bienes y Lugares Hist\u00f3ricos objet\u00f3 la instalaci\u00f3n de la reja expresando que \u201cimplica una divisi\u00f3n f\u00edsica permanente que fragmenta la lectura integral de este espacio p\u00fablico\u201d y la colocaci\u00f3n de \u201celementos permanentes es contrario a la preservaci\u00f3n patrimonial, cultural y social de este \u00e1mbito urbano tan significativo\u201d. Por su parte, el Consejo Asesor de Asuntos Patrimoniales, el 30 de octubre de 2018, bas\u00f3 sus argumentos en cuestiones de seguridad y no se expidi\u00f3 en t\u00e9rminos patrimoniales.Se trata de la primera excepci\u00f3n que se vota del C\u00f3digo Urban\u00edstico aprobado a fines del a\u00f1o pasado modificando el \u00c1rea de Protecci\u00f3n Hist\u00f3rica N\u00b0 1 -APH1. Participaron de la Audiencia P\u00fablica los legisladores\u00a0 Victoria Rold\u00e1n M\u00e9ndez, L\u00eda Rueda, Sol M\u00e9ndez y Gonzalo Straface (VJ).<\/p>\n","protected":false},"excerpt":{"rendered":"<p>&quot;Se permite la instalaci\u00f3n de un cerco de seguridad (reja) emplazado de modo transversal desde Av. Hip\u00f3lito Yrigoyen hasta Av. Rivadavia, por detr\u00e1s de la Pir\u00e1mide de Mayo, a la altura del eje de las calles Defensa y Reconquista&quot;, dice la ley que recibi\u00f3 aprobaci\u00f3n inicial en la sesi\u00f3n del 28 de marzo de este [&hellip;]<\/p>\n","protected":false},"author":1,"featured_media":5977,"comment_status":"open","ping_status":"open","sticky":false,"template":"","format":"standard","meta":{"_et_pb_use_builder":"","_et_pb_old_content":"","_et_gb_content_width":"","footnotes":""},"categories":[11,32],"tags":[],"class_list":["post-5976","post","type-post","status-publish","format-standard","has-post-thumbnail","hentry","category-ciudad","category-comunas"],"_links":{"self":[{"href":"https:\/\/vocesdebaires.com.ar\/index.php\/wp-json\/wp\/v2\/posts\/5976"}],"collection":[{"href":"https:\/\/vocesdebaires.com.ar\/index.php\/wp-json\/wp\/v2\/posts"}],"about":[{"href":"https:\/\/vocesdebaires.com.ar\/index.php\/wp-json\/wp\/v2\/types\/post"}],"author":[{"embeddable":true,"href":"https:\/\/vocesdebaires.com.ar\/index.php\/wp-json\/wp\/v2\/users\/1"}],"replies":[{"embeddable":true,"href":"https:\/\/vocesdebaires.com.ar\/index.php\/wp-json\/wp\/v2\/comments?post=5976"}],"version-history":[{"count":0,"href":"https:\/\/vocesdebaires.com.ar\/index.php\/wp-json\/wp\/v2\/posts\/5976\/revisions"}],"wp:featuredmedia":[{"embeddable":true,"href":"https:\/\/vocesdebaires.com.ar\/index.php\/wp-json\/wp\/v2\/media\/5977"}],"wp:attachment":[{"href":"https:\/\/vocesdebaires.com.ar\/index.php\/wp-json\/wp\/v2\/media?parent=5976"}],"wp:term":[{"taxonomy":"category","embeddable":true,"href":"https:\/\/vocesdebaires.com.ar\/index.php\/wp-json\/wp\/v2\/categories?post=5976"},{"taxonomy":"post_tag","embeddable":true,"href":"https:\/\/vocesdebaires.com.ar\/index.php\/wp-json\/wp\/v2\/tags?post=5976"}],"curies":[{"name":"wp","href":"https:\/\/api.w.org\/{rel}","templated":true}]}}