{"id":5978,"date":"2019-05-29T03:00:00","date_gmt":"2019-05-29T06:00:00","guid":{"rendered":"http:\/\/vocesdebaires.com.ar\/wordpress\/index.php\/2019\/05\/29\/seminario-derecho-al-agua-derecho-al-futuro\/"},"modified":"2019-05-29T03:00:00","modified_gmt":"2019-05-29T06:00:00","slug":"seminario-derecho-al-agua-derecho-al-futuro","status":"publish","type":"post","link":"https:\/\/vocesdebaires.com.ar\/index.php\/2019\/05\/29\/seminario-derecho-al-agua-derecho-al-futuro\/","title":{"rendered":"Seminario: &quot;Derecho al Agua, Derecho al Futuro\u201d"},"content":{"rendered":"<p>Bajo el lema \u201cGobernanza e Innovaci\u00f3n para el Desarrollo Sustentable\u201d comenz\u00f3 en el Palacio de las Aguas Corrientes el Seminario internacional \u201cDel Derecho al Agua al Derecho al Futuro\u201d, que cont\u00f3 con la apertura del secretario de Gobierno de Ambiente y Desarrollo Sustentable de la Naci\u00f3n, rabino Sergio Bergman.\u00a0 Sobre el derecho de acceso a este recurso, el secretario de Gobierno asegur\u00f3 que se trata de \u201cuna agenda global que requiere de responsabilidades locales\u201d.<\/p>\n<p>\u201cEl agua como servicio es parte de una agenda que Argentina pone en valor y por la estamos\u00a0 trabajando\u201d, se\u00f1al\u00f3 Bergman. \u201cPero no se trata de una agenda tecnol\u00f3gica, sino que a partir de ella tenemos que cubrir la brecha \u00e9tica; del derecho humano que a\u00fan no hemos satisfecho que es el agua potable y el saneamiento para todos los argentinos, sin importar d\u00f3nde viven ni qui\u00e9nes son.<\/p>\n<p>El agua no solo es un recurso sino que es un elemento que hace a la dignidad de las personas\u201d, concluy\u00f3 Bergman. El funcionario nacional particip\u00f3 de la apertura junto con Jos\u00e9 Luis Inglese, presidente de Aguas y Saneamientos Argentinos (AySA); Jos\u00e9 Luis Lingeri, secretario general del SGBATOS; Luis Liberman, director del Instituto para el Di\u00e1logo Global y la Cultura del Encuentro y el cardenal Claudio Hummes, relator del S\u00ednodo de la Amazon\u00eda. Una vez iniciado el seminario, se desarroll\u00f3 el panel \u201cCambio Clim\u00e1tico. Pol\u00edticas P\u00fablicas y Desarrollo Sustentable\u201d, que cont\u00f3 con la exposici\u00f3n de Carlos Gentile,\u00a0 secretario de Cambio Clim\u00e1tico y<\/p>\n<p>Desarrollo Sustentable del organismo de Ambiente\u00a0 nacional y Rodrigo Aybar, director ejecutivo del Organismo Provincial para el Desarrollo Sostenible (OPDS), entre otros. El encuentro se desarrollar\u00e1 durante tres jornadas de intercambio, en las cuales se realizar\u00e1n conferencias, sesiones y talleres de los que participan referentes nacionales e internacionales en la materia. En este \u00e1mbito se abordar\u00e1n temas como la gobernanza, las innovaciones sociales y tecnol\u00f3gicas, el futuro de las empresas operadoras, la ecolog\u00eda integral, el futuro de la regulaci\u00f3n y pol\u00edticas p\u00fablicas, los modelos de desarrollo sustentable, el cambio clim\u00e1tico como eje transversal, la educaci\u00f3n y la gesti\u00f3n de cuencas h\u00eddricas cr\u00edticas. Este ser\u00e1 un lugar de encuentro entre representantes de distintos sectores acad\u00e9micos, pol\u00edticos, religiosos, empresariales y organizaciones de la sociedad civil en un marco de reflexi\u00f3n sobre la enc\u00edclica papal \u201cLaudato s\u00ed\u201d, la Agenda 2030 de la ONU y el Acuerdo de Par\u00eds.<\/p>\n<p>Como expositores de las jornadas participar\u00e1n Ricardo Lorenzetti, miembro de la Corte Suprema de Justicia de la Naci\u00f3n; Alejandro Rossi, director regional para Am\u00e9rica Latina y el Caribe de la UNOPS; Benedito Braga, presidente de Agua y Saneamiento de San Pablo, Sabesp; Lucas Figueras, presidente de ACUMAR y Soledad Izquierdo, vicepresidente de Pol\u00edticas P\u00fablicas, Comunicaciones y Sustentabilidad de Coca-Cola para el Sur de Am\u00e9rica Latina.\u00a0 El seminario es organizado por la Secretar\u00eda de Ambiente y Desarrollo Sustentable de la Naci\u00f3n, el Instituto para el Di\u00e1logo Global y la Cultura del Encuentro (IDGCE), Agua y Saneamientos Argentinos (AySA) y la Fundaci\u00f3n de los Trabajadores Sanitaristas para la Formaci\u00f3n y el Desarrollo (FUTRASAFODE), con la colaboraci\u00f3n de Acumar, OPDS, Cedyat y la Oficina de las Naciones Unidas de Servicios para Proyectos (UNOPS), entre otras organizaciones.<\/p>\n","protected":false},"excerpt":{"rendered":"<p>Bajo el lema \u201cGobernanza e Innovaci\u00f3n para el Desarrollo Sustentable\u201d comenz\u00f3 en el Palacio de las Aguas Corrientes el Seminario internacional \u201cDel Derecho al Agua al Derecho al Futuro\u201d, que cont\u00f3 con la apertura del secretario de Gobierno de Ambiente y Desarrollo Sustentable de la Naci\u00f3n, rabino Sergio Bergman.\u00a0 Sobre el derecho de acceso a [&hellip;]<\/p>\n","protected":false},"author":1,"featured_media":5979,"comment_status":"open","ping_status":"open","sticky":false,"template":"","format":"standard","meta":{"_et_pb_use_builder":"","_et_pb_old_content":"","_et_gb_content_width":"","footnotes":""},"categories":[11,32],"tags":[],"class_list":["post-5978","post","type-post","status-publish","format-standard","has-post-thumbnail","hentry","category-ciudad","category-comunas"],"_links":{"self":[{"href":"https:\/\/vocesdebaires.com.ar\/index.php\/wp-json\/wp\/v2\/posts\/5978"}],"collection":[{"href":"https:\/\/vocesdebaires.com.ar\/index.php\/wp-json\/wp\/v2\/posts"}],"about":[{"href":"https:\/\/vocesdebaires.com.ar\/index.php\/wp-json\/wp\/v2\/types\/post"}],"author":[{"embeddable":true,"href":"https:\/\/vocesdebaires.com.ar\/index.php\/wp-json\/wp\/v2\/users\/1"}],"replies":[{"embeddable":true,"href":"https:\/\/vocesdebaires.com.ar\/index.php\/wp-json\/wp\/v2\/comments?post=5978"}],"version-history":[{"count":0,"href":"https:\/\/vocesdebaires.com.ar\/index.php\/wp-json\/wp\/v2\/posts\/5978\/revisions"}],"wp:featuredmedia":[{"embeddable":true,"href":"https:\/\/vocesdebaires.com.ar\/index.php\/wp-json\/wp\/v2\/media\/5979"}],"wp:attachment":[{"href":"https:\/\/vocesdebaires.com.ar\/index.php\/wp-json\/wp\/v2\/media?parent=5978"}],"wp:term":[{"taxonomy":"category","embeddable":true,"href":"https:\/\/vocesdebaires.com.ar\/index.php\/wp-json\/wp\/v2\/categories?post=5978"},{"taxonomy":"post_tag","embeddable":true,"href":"https:\/\/vocesdebaires.com.ar\/index.php\/wp-json\/wp\/v2\/tags?post=5978"}],"curies":[{"name":"wp","href":"https:\/\/api.w.org\/{rel}","templated":true}]}}